{"id":11109,"date":"2025-01-21T12:12:33","date_gmt":"2025-01-21T09:12:33","guid":{"rendered":"https:\/\/www.egemtv.com\/?p=11109"},"modified":"2025-01-21T12:12:35","modified_gmt":"2025-01-21T09:12:35","slug":"denizli-buyuksehir-belediyesinin-yol-yapim-calismalari-hiz-kesmeden-devam-ediyor","status":"publish","type":"post","link":"https:\/\/www.egemtv.com\/?p=11109","title":{"rendered":"Denizli B\u00fcy\u00fck\u015fehir Belediyesinin yol yap\u0131m \u00e7al\u0131\u015fmalar\u0131 h\u0131z kesmeden devam ediyor"},"content":{"rendered":"<p>Denizli\u2019de s\u00fcr\u00fcc\u00fc ve yayalar i\u00e7in g\u00fcvenli ve konforlu yollar olu\u015fturan Denizli B\u00fcy\u00fck\u015fehir Belediyesi, bir\u00e7ok farkl\u0131 noktada yol yap\u0131m \u00e7al\u0131\u015fmalar\u0131na h\u0131zla devam ediyor.<\/p>\n<p>Fen \u0130\u015fleri Dairesi Yol \u0130\u015fleri \u015eubesi ekipleri, Merkezefendi il\u00e7esi \u0130lbade Mahallesi 253 Sokak\u2019ta s\u0131cak asfalt \u00e7al\u0131\u015fmalar\u0131n\u0131 tamamlad\u0131. Ekipler Bak\u0131rl\u0131 Kav\u015fa\u011f\u0131\u2019ndan \u0130lbade Mezarl\u0131\u011f\u0131\u2019na do\u011fru yo\u011fun olarak kullan\u0131lan ve uzun y\u0131llard\u0131r bak\u0131ms\u0131z haliyle vatanda\u015flar\u0131n yol yenileme talebi bulunulan 253 Sokak\u2019ta bin 500 tonluk s\u0131cak asfalt \u00e7al\u0131\u015fmas\u0131 ger\u00e7ekle\u015ftirdi. Planl\u0131, h\u0131zl\u0131 ve \u00e7\u00f6z\u00fcm odakl\u0131 olarak \u00e7al\u0131\u015fmalar\u0131n\u0131 s\u00fcrd\u00fcren Denizli B\u00fcy\u00fck\u015fehir Belediyesi ekipleri, s\u0131cak asfalt seriminin ard\u0131ndan b\u00f6lge ara\u00e7 trafi\u011fine a\u00e7\u0131ld\u0131. Vatanda\u015flar, yap\u0131lan hizmetlerden olduk\u00e7a memnun olduklar\u0131n\u0131 belirterek Ba\u015fkan \u00c7avu\u015fo\u011flu\u2019na te\u015fekk\u00fcr etti.<br \/><\/p>\n","protected":false},"excerpt":{"rendered":"<p>Denizli\u2019de s\u00fcr\u00fcc\u00fc ve yayalar i\u00e7in g\u00fcvenli ve konforlu yollar olu\u015fturan Denizli B\u00fcy\u00fck\u015fehir Belediyesi, bir\u00e7ok farkl\u0131 noktada yol yap\u0131m \u00e7al\u0131\u015fmalar\u0131na h\u0131zla devam ediyor. Fen \u0130\u015fleri Dairesi Yol \u0130\u015fleri \u015eubesi ekipleri, Merkezefendi il\u00e7esi \u0130lbade Mahallesi 253 Sokak\u2019ta s\u0131cak asfalt \u00e7al\u0131\u015fmalar\u0131n\u0131 tamamlad\u0131. Ekipler Bak\u0131rl\u0131 Kav\u015fa\u011f\u0131\u2019ndan \u0130lbade Mezarl\u0131\u011f\u0131\u2019na do\u011fru yo\u011fun olarak kullan\u0131lan ve uzun y\u0131llard\u0131r bak\u0131ms\u0131z haliyle vatanda\u015flar\u0131n yol&#8230;<\/p>\n","protected":false},"author":1,"featured_media":11110,"comment_status":"open","ping_status":"open","sticky":false,"template":"","format":"standard","meta":{"_crdt_document":"","footnotes":""},"categories":[1],"tags":[],"class_list":["post-11109","post","type-post","status-publish","format-standard","has-post-thumbnail","hentry","category-guncel"],"_links":{"self":[{"href":"https:\/\/www.egemtv.com\/index.php?rest_route=\/wp\/v2\/posts\/11109","targetHints":{"allow":["GET"]}}],"collection":[{"href":"https:\/\/www.egemtv.com\/index.php?rest_route=\/wp\/v2\/posts"}],"about":[{"href":"https:\/\/www.egemtv.com\/index.php?rest_route=\/wp\/v2\/types\/post"}],"author":[{"embeddable":true,"href":"https:\/\/www.egemtv.com\/index.php?rest_route=\/wp\/v2\/users\/1"}],"replies":[{"embeddable":true,"href":"https:\/\/www.egemtv.com\/index.php?rest_route=%2Fwp%2Fv2%2Fcomments&post=11109"}],"version-history":[{"count":1,"href":"https:\/\/www.egemtv.com\/index.php?rest_route=\/wp\/v2\/posts\/11109\/revisions"}],"predecessor-version":[{"id":11111,"href":"https:\/\/www.egemtv.com\/index.php?rest_route=\/wp\/v2\/posts\/11109\/revisions\/11111"}],"wp:featuredmedia":[{"embeddable":true,"href":"https:\/\/www.egemtv.com\/index.php?rest_route=\/wp\/v2\/media\/11110"}],"wp:attachment":[{"href":"https:\/\/www.egemtv.com\/index.php?rest_route=%2Fwp%2Fv2%2Fmedia&parent=11109"}],"wp:term":[{"taxonomy":"category","embeddable":true,"href":"https:\/\/www.egemtv.com\/index.php?rest_route=%2Fwp%2Fv2%2Fcategories&post=11109"},{"taxonomy":"post_tag","embeddable":true,"href":"https:\/\/www.egemtv.com\/index.php?rest_route=%2Fwp%2Fv2%2Ftags&post=11109"}],"curies":[{"name":"wp","href":"https:\/\/api.w.org\/{rel}","templated":true}]}}