{"id":11106,"date":"2025-01-21T12:12:30","date_gmt":"2025-01-21T09:12:30","guid":{"rendered":"https:\/\/www.egemtv.com\/?p=11106"},"modified":"2025-01-21T12:12:32","modified_gmt":"2025-01-21T09:12:32","slug":"bozdoganda-mevsimlik-ciceklerin-dikimi-yapildi","status":"publish","type":"post","link":"https:\/\/www.egemtv.com\/?p=11106","title":{"rendered":"Bozdo\u011fan\u2019da mevsimlik \u00e7i\u00e7eklerin dikimi yap\u0131ld\u0131"},"content":{"rendered":"<p>Ayd\u0131n\u2019\u0131n Bozdo\u011fan il\u00e7esinde mevsimlik \u00e7i\u00e7eklerin dikimi ve peyzaj d\u00fczenlemeleri yap\u0131l\u0131rken, vatanda\u015flar B\u00fcy\u00fck\u015fehir Belediyesi ile uyum i\u00e7inde \u00e7al\u0131\u015fan Bozdo\u011fan Belediyesi\u2019ne te\u015fekk\u00fcr etti.<\/p>\n<p>Ayd\u0131n B\u00fcy\u00fck\u015fehir Belediyesi ve Bozdo\u011fan Belediyesi, il\u00e7eyi g\u00fczelle\u015ftirmek i\u00e7in el ele vererek uyum i\u00e7inde \u00e7al\u0131\u015fmalar\u0131n\u0131 s\u00fcrd\u00fcr\u00fcyor. Ortak y\u00fcr\u00fct\u00fclen projelerle Bozdo\u011fan, her ge\u00e7en g\u00fcn \u00e7i\u00e7ek gibi bir g\u00f6r\u00fcn\u00fcme kavu\u015fuyor.<\/p>\n<p>\u0130l\u00e7ede mevsimlik \u00e7i\u00e7eklerin dikimi, peyzaj d\u00fczenlemeleri ve park bah\u00e7e bak\u0131m onar\u0131mlar\u0131 h\u0131z kesmeden devam ediyor. Ye\u015fil alanlar\u0131n bak\u0131m\u0131 ve d\u00fczenlenmesi, vatanda\u015flara g\u00f6rsel bir \u015f\u00f6len sunuyor. Vatanda\u015flar, her iki belediyenin uyumlu \u00e7al\u0131\u015fmas\u0131ndan memnun olduklar\u0131n\u0131 dile getirerek, Ayd\u0131n B\u00fcy\u00fck\u015fehir Belediye Ba\u015fkan\u0131 ve Bozdo\u011fan Belediye Ba\u015fkan\u0131\u2019na te\u015fekk\u00fcrlerini iletti.<\/p>\n<p>Bozdo\u011fan Belediye Ba\u015fkan\u0131 Galip \u00d6zel, konuyla ilgili yapt\u0131\u011f\u0131 a\u00e7\u0131klamada, \u201cBozdo\u011fan\u2019\u0131 daha g\u00fczel, daha ye\u015fil ve daha ya\u015fanabilir bir il\u00e7e haline getirmek i\u00e7in var g\u00fcc\u00fcm\u00fczle \u00e7al\u0131\u015f\u0131yoruz. Bu kapsamda, Ayd\u0131n B\u00fcy\u00fck\u015fehir Belediyemizle birlikte mevsimlik \u00e7i\u00e7ek dikimi, peyzaj d\u00fczenlemeleri ve parklar\u0131m\u0131z\u0131n bak\u0131m onar\u0131m \u00e7al\u0131\u015fmalar\u0131n\u0131 b\u00fcy\u00fck bir uyum i\u00e7inde ger\u00e7ekle\u015ftiriyoruz. B\u00fcy\u00fck\u015fehir Belediye Ba\u015fkan\u0131m\u0131z \u00d6zlem \u00c7er\u00e7io\u011flu\u2019na, il\u00e7emize verdi\u011fi destek ve hizmetler i\u00e7in te\u015fekk\u00fcr ediyorum. Bu g\u00fc\u00e7l\u00fc i\u015f birli\u011fi sayesinde Bozdo\u011fan\u2019\u0131n \u00e7ehresini de\u011fi\u015ftirmeye, vatanda\u015flar\u0131m\u0131za daha g\u00fczel bir il\u00e7e sunmaya devam edece\u011fiz&#8221; ifadelerini kulland\u0131.<br \/><\/p>\n","protected":false},"excerpt":{"rendered":"<p>Ayd\u0131n\u2019\u0131n Bozdo\u011fan il\u00e7esinde mevsimlik \u00e7i\u00e7eklerin dikimi ve peyzaj d\u00fczenlemeleri yap\u0131l\u0131rken, vatanda\u015flar B\u00fcy\u00fck\u015fehir Belediyesi ile uyum i\u00e7inde \u00e7al\u0131\u015fan Bozdo\u011fan Belediyesi\u2019ne te\u015fekk\u00fcr etti. Ayd\u0131n B\u00fcy\u00fck\u015fehir Belediyesi ve Bozdo\u011fan Belediyesi, il\u00e7eyi g\u00fczelle\u015ftirmek i\u00e7in el ele vererek uyum i\u00e7inde \u00e7al\u0131\u015fmalar\u0131n\u0131 s\u00fcrd\u00fcr\u00fcyor. Ortak y\u00fcr\u00fct\u00fclen projelerle Bozdo\u011fan, her ge\u00e7en g\u00fcn \u00e7i\u00e7ek gibi bir g\u00f6r\u00fcn\u00fcme kavu\u015fuyor. \u0130l\u00e7ede mevsimlik \u00e7i\u00e7eklerin dikimi, peyzaj d\u00fczenlemeleri&#8230;<\/p>\n","protected":false},"author":1,"featured_media":11107,"comment_status":"open","ping_status":"open","sticky":false,"template":"","format":"standard","meta":{"_crdt_document":"","footnotes":""},"categories":[1],"tags":[],"class_list":["post-11106","post","type-post","status-publish","format-standard","has-post-thumbnail","hentry","category-guncel"],"_links":{"self":[{"href":"https:\/\/www.egemtv.com\/index.php?rest_route=\/wp\/v2\/posts\/11106","targetHints":{"allow":["GET"]}}],"collection":[{"href":"https:\/\/www.egemtv.com\/index.php?rest_route=\/wp\/v2\/posts"}],"about":[{"href":"https:\/\/www.egemtv.com\/index.php?rest_route=\/wp\/v2\/types\/post"}],"author":[{"embeddable":true,"href":"https:\/\/www.egemtv.com\/index.php?rest_route=\/wp\/v2\/users\/1"}],"replies":[{"embeddable":true,"href":"https:\/\/www.egemtv.com\/index.php?rest_route=%2Fwp%2Fv2%2Fcomments&post=11106"}],"version-history":[{"count":1,"href":"https:\/\/www.egemtv.com\/index.php?rest_route=\/wp\/v2\/posts\/11106\/revisions"}],"predecessor-version":[{"id":11108,"href":"https:\/\/www.egemtv.com\/index.php?rest_route=\/wp\/v2\/posts\/11106\/revisions\/11108"}],"wp:featuredmedia":[{"embeddable":true,"href":"https:\/\/www.egemtv.com\/index.php?rest_route=\/wp\/v2\/media\/11107"}],"wp:attachment":[{"href":"https:\/\/www.egemtv.com\/index.php?rest_route=%2Fwp%2Fv2%2Fmedia&parent=11106"}],"wp:term":[{"taxonomy":"category","embeddable":true,"href":"https:\/\/www.egemtv.com\/index.php?rest_route=%2Fwp%2Fv2%2Fcategories&post=11106"},{"taxonomy":"post_tag","embeddable":true,"href":"https:\/\/www.egemtv.com\/index.php?rest_route=%2Fwp%2Fv2%2Ftags&post=11106"}],"curies":[{"name":"wp","href":"https:\/\/api.w.org\/{rel}","templated":true}]}}