{"id":11103,"date":"2025-01-21T12:12:28","date_gmt":"2025-01-21T09:12:28","guid":{"rendered":"https:\/\/www.egemtv.com\/?p=11103"},"modified":"2025-01-21T12:12:30","modified_gmt":"2025-01-21T09:12:30","slug":"yeni-sanayiye-saglam-alt-yapi","status":"publish","type":"post","link":"https:\/\/www.egemtv.com\/?p=11103","title":{"rendered":"Yeni sanayiye sa\u011flam alt yap\u0131"},"content":{"rendered":"<p>Manisa B\u00fcy\u00fck\u015fehir Belediyesi Manisa Su ve Kanalizasyon \u0130daresi (MASK\u0130) Genel M\u00fcd\u00fcrl\u00fc\u011f\u00fc, Akhisar il\u00e7esine ba\u011fl\u0131 H\u00fcrriyet Mahallesi\u2019nde yeni kurulan sanayi sitesinde yer alan i\u015f yerlerinin alt yap\u0131 s\u0131k\u0131nt\u0131s\u0131 \u00e7ekmemesi amac\u0131yla ilave kanalizasyon hatt\u0131 \u00e7al\u0131\u015fmas\u0131 yapt\u0131.<br \/>\n<br \/>MASK\u0130 Genel M\u00fcd\u00fcrl\u00fc\u011f\u00fc, daha ya\u015fan\u0131labilir bir Manisa i\u00e7in il genelinde alt yap\u0131 ihtiya\u00e7lar\u0131n\u0131 h\u0131zl\u0131 bir \u015fekilde \u00e7\u00f6zmek ad\u0131na \u00e7al\u0131\u015fmalar\u0131n\u0131 aral\u0131ks\u0131z s\u00fcrd\u00fcr\u00fcyor. Bu kapsamda Kanalizasyon Dairesi Ba\u015fkanl\u0131\u011f\u0131 ekipleri taraf\u0131ndan Akhisar H\u00fcrriyet Mahallesi 123 Sokak\u2019ta yeni kurulan sanayi sitesinde yer alan i\u015f yerlerinin alt yap\u0131 s\u0131k\u0131nt\u0131s\u0131 \u00e7ekmemesi amac\u0131yla bin 100 metrelik ilave kanalizasyon hatt\u0131 \u00e7al\u0131\u015fmas\u0131 yap\u0131ld\u0131. Sanayi esnaf\u0131n\u0131n talepleri do\u011frultusunda hareket eden MASK\u0130 ekipleri, \u00e7al\u0131\u015fmay\u0131 k\u0131sa s\u00fcrede tamamlad\u0131. H\u00fcrriyet Mahallesi Muhtar\u0131 Sevgi E\u015fim taleplerinin, h\u0131zla yerine getirilmesini sa\u011flayan Manisa B\u00fcy\u00fck\u015fehir Belediye Ba\u015fkan\u0131 Mimar Ferdi Zeyrek\u2019e te\u015fekk\u00fcr etti.<\/p>\n<p>\u201cSanayi sitesinde altyap\u0131 sorunu kalmayacak\u201d<br \/>\n<br \/>MASK\u0130 Akhisar \u0130l\u00e7e \u015eefi Ali Tekinol, \u201cYeni sanayi sitesinde ana kolekt\u00f6r hatt\u0131ndan ald\u0131\u011f\u0131m\u0131z ve sanayinin b\u00fcy\u00fck k\u0131sm\u0131n\u0131 kaplayan 400 metrelik ana hat \u00e7al\u0131\u015fmas\u0131 yap\u0131ld\u0131. Devam\u0131nda da yeni yap\u0131lan bloklar\u0131n aras\u0131nda bulunan 7 ayr\u0131 sokakta 700 metrelik hat \u00e7al\u0131\u015fmas\u0131 ger\u00e7ekle\u015ftirdik. Toplamda bin 100 metrelik hatt\u0131m\u0131z\u0131 Akhisarl\u0131 yurtta\u015flar\u0131m\u0131z\u0131n hizmetine sunduk. \u00c7al\u0131\u015fma ile buradaki altyap\u0131 ihtiyac\u0131n\u0131 da gidermi\u015f olduk\u201d dedi.<\/p>\n<p>\u201cTalep edildi, an\u0131nda \u00e7al\u0131\u015fma yap\u0131ld\u0131\u201d<br \/>\n<br \/>Muhtar\u0131 Sevgi E\u015fim de \u201cMahallemizdeki yeni kurulan sanayi sitesinin alt yap\u0131s\u0131 i\u00e7in talepte bulunduk ve h\u0131zla ekipler gelip \u00e7al\u0131\u015fmay\u0131 tamamland\u0131. Yurtta\u015flar\u0131m\u0131z\u0131n taleplerini h\u0131zl\u0131 bir \u015fekilde yerine getiren ba\u015fta Manisa B\u00fcy\u00fck\u015fehir Belediye Ba\u015fkan\u0131m\u0131z Ferdi Zeyrek olmak \u00fczere t\u00fcm MASK\u0130 \u00e7al\u0131\u015fanlar\u0131na \u00e7ok te\u015fekk\u00fcr ediyorum\u201d diye konu\u015ftu.<br \/><\/p>\n","protected":false},"excerpt":{"rendered":"<p>Manisa B\u00fcy\u00fck\u015fehir Belediyesi Manisa Su ve Kanalizasyon \u0130daresi (MASK\u0130) Genel M\u00fcd\u00fcrl\u00fc\u011f\u00fc, Akhisar il\u00e7esine ba\u011fl\u0131 H\u00fcrriyet Mahallesi\u2019nde yeni kurulan sanayi sitesinde yer alan i\u015f yerlerinin alt yap\u0131 s\u0131k\u0131nt\u0131s\u0131 \u00e7ekmemesi amac\u0131yla ilave kanalizasyon hatt\u0131 \u00e7al\u0131\u015fmas\u0131 yapt\u0131. MASK\u0130 Genel M\u00fcd\u00fcrl\u00fc\u011f\u00fc, daha ya\u015fan\u0131labilir bir Manisa i\u00e7in il genelinde alt yap\u0131 ihtiya\u00e7lar\u0131n\u0131 h\u0131zl\u0131 bir \u015fekilde \u00e7\u00f6zmek ad\u0131na \u00e7al\u0131\u015fmalar\u0131n\u0131 aral\u0131ks\u0131z s\u00fcrd\u00fcr\u00fcyor&#8230;.<\/p>\n","protected":false},"author":1,"featured_media":11104,"comment_status":"open","ping_status":"open","sticky":false,"template":"","format":"standard","meta":{"_crdt_document":"","footnotes":""},"categories":[125],"tags":[],"class_list":["post-11103","post","type-post","status-publish","format-standard","has-post-thumbnail","hentry","category-ekonomi"],"_links":{"self":[{"href":"https:\/\/www.egemtv.com\/index.php?rest_route=\/wp\/v2\/posts\/11103","targetHints":{"allow":["GET"]}}],"collection":[{"href":"https:\/\/www.egemtv.com\/index.php?rest_route=\/wp\/v2\/posts"}],"about":[{"href":"https:\/\/www.egemtv.com\/index.php?rest_route=\/wp\/v2\/types\/post"}],"author":[{"embeddable":true,"href":"https:\/\/www.egemtv.com\/index.php?rest_route=\/wp\/v2\/users\/1"}],"replies":[{"embeddable":true,"href":"https:\/\/www.egemtv.com\/index.php?rest_route=%2Fwp%2Fv2%2Fcomments&post=11103"}],"version-history":[{"count":1,"href":"https:\/\/www.egemtv.com\/index.php?rest_route=\/wp\/v2\/posts\/11103\/revisions"}],"predecessor-version":[{"id":11105,"href":"https:\/\/www.egemtv.com\/index.php?rest_route=\/wp\/v2\/posts\/11103\/revisions\/11105"}],"wp:featuredmedia":[{"embeddable":true,"href":"https:\/\/www.egemtv.com\/index.php?rest_route=\/wp\/v2\/media\/11104"}],"wp:attachment":[{"href":"https:\/\/www.egemtv.com\/index.php?rest_route=%2Fwp%2Fv2%2Fmedia&parent=11103"}],"wp:term":[{"taxonomy":"category","embeddable":true,"href":"https:\/\/www.egemtv.com\/index.php?rest_route=%2Fwp%2Fv2%2Fcategories&post=11103"},{"taxonomy":"post_tag","embeddable":true,"href":"https:\/\/www.egemtv.com\/index.php?rest_route=%2Fwp%2Fv2%2Ftags&post=11103"}],"curies":[{"name":"wp","href":"https:\/\/api.w.org\/{rel}","templated":true}]}}