{"id":11100,"date":"2025-01-21T12:12:25","date_gmt":"2025-01-21T09:12:25","guid":{"rendered":"https:\/\/www.egemtv.com\/?p=11100"},"modified":"2025-01-21T12:12:28","modified_gmt":"2025-01-21T09:12:28","slug":"denizli-buyuksehirden-colyak-hastalarina-mujde","status":"publish","type":"post","link":"https:\/\/www.egemtv.com\/?p=11100","title":{"rendered":"Denizli B\u00fcy\u00fck\u015fehirden \u00e7\u00f6lyak hastalar\u0131na m\u00fcjde"},"content":{"rendered":"<p>Denizli B\u00fcy\u00fck\u015fehir Belediyesi sosyal belediyecilik anlay\u0131\u015f\u0131 kapsam\u0131nda toplumun t\u00fcm kesimlerine hitap etmeye devam ediyor. \u00c7\u00f6lyak hastalar\u0131n\u0131n sa\u011fl\u0131kl\u0131 ve g\u00fcvenilir g\u0131dalara eri\u015fimi i\u00e7in gl\u00fctensiz g\u0131da paketi deste\u011fi m\u00fcracaatlar\u0131 ba\u015flad\u0131.<\/p>\n<p>Denizli B\u00fcy\u00fck\u015fehir Belediyesi, \u00f6zel durumlar\u0131 nedeniyle \u00f6m\u00fcr boyu diyet zorunlulu\u011fu olan \u00e7\u00f6lyak hastalar\u0131na destek olmak amac\u0131yla gl\u00fctensiz g\u0131da \u00fcr\u00fcnlerinden olu\u015fan \u00f6zel g\u0131da paketi deste\u011fi sunacak. Sosyal Hizmetler Dairesi taraf\u0131ndan \u00e7\u00f6lyak hastalar\u0131n\u0131n yeterli ve dengeli beslenmelerine yard\u0131mc\u0131 olmak amac\u0131yla zor bulunan ve y\u00fcksek fiyatlara sat\u0131lan gl\u00fctensiz g\u0131da \u00fcr\u00fcnlerinden olu\u015fturulan temel ihtiya\u00e7 paketi uygun \u015fartlar\u0131 ta\u015f\u0131yan \u00e7\u00f6lyak hastalar\u0131na verilecek. Bu destekten faydalanmak isteyen vatanda\u015flar 26 Ocak\u2019a kadar Denizli B\u00fcy\u00fck\u015fehir Belediyesi\u2019nin internet sayfas\u0131 \u00fczerinden ba\u015fvuru yapabilecek. S\u00f6z konusu destekten faydalanmak i\u00e7in Denizli ili s\u0131n\u0131rlar\u0131 i\u00e7inde ya\u015fayan, \u00e7\u00f6lyak hastal\u0131\u011f\u0131na ait sa\u011fl\u0131k raporu olan ve en fazla iki asgari \u00fccret geliri olan hastalara gl\u00fctensiz g\u0131da yard\u0131m\u0131 yap\u0131labilece\u011fi ifade edildi.<br \/><\/p>\n","protected":false},"excerpt":{"rendered":"<p>Denizli B\u00fcy\u00fck\u015fehir Belediyesi sosyal belediyecilik anlay\u0131\u015f\u0131 kapsam\u0131nda toplumun t\u00fcm kesimlerine hitap etmeye devam ediyor. \u00c7\u00f6lyak hastalar\u0131n\u0131n sa\u011fl\u0131kl\u0131 ve g\u00fcvenilir g\u0131dalara eri\u015fimi i\u00e7in gl\u00fctensiz g\u0131da paketi deste\u011fi m\u00fcracaatlar\u0131 ba\u015flad\u0131. Denizli B\u00fcy\u00fck\u015fehir Belediyesi, \u00f6zel durumlar\u0131 nedeniyle \u00f6m\u00fcr boyu diyet zorunlulu\u011fu olan \u00e7\u00f6lyak hastalar\u0131na destek olmak amac\u0131yla gl\u00fctensiz g\u0131da \u00fcr\u00fcnlerinden olu\u015fan \u00f6zel g\u0131da paketi deste\u011fi sunacak. Sosyal Hizmetler&#8230;<\/p>\n","protected":false},"author":1,"featured_media":11101,"comment_status":"open","ping_status":"open","sticky":false,"template":"","format":"standard","meta":{"_crdt_document":"","footnotes":""},"categories":[2],"tags":[],"class_list":["post-11100","post","type-post","status-publish","format-standard","has-post-thumbnail","hentry","category-saglik"],"_links":{"self":[{"href":"https:\/\/www.egemtv.com\/index.php?rest_route=\/wp\/v2\/posts\/11100","targetHints":{"allow":["GET"]}}],"collection":[{"href":"https:\/\/www.egemtv.com\/index.php?rest_route=\/wp\/v2\/posts"}],"about":[{"href":"https:\/\/www.egemtv.com\/index.php?rest_route=\/wp\/v2\/types\/post"}],"author":[{"embeddable":true,"href":"https:\/\/www.egemtv.com\/index.php?rest_route=\/wp\/v2\/users\/1"}],"replies":[{"embeddable":true,"href":"https:\/\/www.egemtv.com\/index.php?rest_route=%2Fwp%2Fv2%2Fcomments&post=11100"}],"version-history":[{"count":1,"href":"https:\/\/www.egemtv.com\/index.php?rest_route=\/wp\/v2\/posts\/11100\/revisions"}],"predecessor-version":[{"id":11102,"href":"https:\/\/www.egemtv.com\/index.php?rest_route=\/wp\/v2\/posts\/11100\/revisions\/11102"}],"wp:featuredmedia":[{"embeddable":true,"href":"https:\/\/www.egemtv.com\/index.php?rest_route=\/wp\/v2\/media\/11101"}],"wp:attachment":[{"href":"https:\/\/www.egemtv.com\/index.php?rest_route=%2Fwp%2Fv2%2Fmedia&parent=11100"}],"wp:term":[{"taxonomy":"category","embeddable":true,"href":"https:\/\/www.egemtv.com\/index.php?rest_route=%2Fwp%2Fv2%2Fcategories&post=11100"},{"taxonomy":"post_tag","embeddable":true,"href":"https:\/\/www.egemtv.com\/index.php?rest_route=%2Fwp%2Fv2%2Ftags&post=11100"}],"curies":[{"name":"wp","href":"https:\/\/api.w.org\/{rel}","templated":true}]}}