{"id":11097,"date":"2025-01-21T12:07:02","date_gmt":"2025-01-21T09:07:02","guid":{"rendered":"https:\/\/www.egemtv.com\/?p=11097"},"modified":"2025-01-21T12:07:05","modified_gmt":"2025-01-21T09:07:05","slug":"mugla-3-bant-bilardo-sampiyonasi-mentesede-yapildi","status":"publish","type":"post","link":"https:\/\/www.egemtv.com\/?p=11097","title":{"rendered":"Mu\u011fla 3 Bant Bilardo \u015fampiyonas\u0131 Mente\u015fe\u2019de yap\u0131ld\u0131"},"content":{"rendered":"<p>T\u00fcrkiye Bilardo Federasyonu\u2019na ba\u011fl\u0131 lisansl\u0131 sporcular\u0131n kat\u0131ld\u0131\u011f\u0131 Mu\u011fla \u0130l birincili\u011fi m\u00fcsabakalar\u0131 bu y\u0131l ilk kez Mente\u015fe Gen\u00e7lik Spor \u0130l M\u00fcd\u00fcrl\u00fc\u011f\u00fcne ait bilardo tesisinde yap\u0131ld\u0131. Ge\u00e7en y\u0131l Gen\u00e7lik Spor il M\u00fcd\u00fcr\u00fc Kaz\u0131m A\u00e7\u0131kba\u015f\u2019\u0131n destekleriyle y\u00fczme havuzunun alt\u0131nda a\u00e7\u0131lan tesiste yap\u0131lan turnuvaya rekor kat\u0131l\u0131m sa\u011fland\u0131.<br \/>\n<br \/>Organizasyonun Mente\u015fe\u2019de yap\u0131lmas\u0131 kat\u0131l\u0131m\u0131n y\u00fcksek olmas\u0131nda etkili olurken, \u00f6zellikle uzak il\u00e7elerden daha \u00f6nceki turnuvalara gidi\u015f geli\u015fte ya\u015fanan sorunlar \u015fampiyonan\u0131n il merkezinde yap\u0131lmas\u0131n\u0131n kat\u0131l\u0131m\u0131 artt\u0131rd\u0131\u011f\u0131 a\u00e7\u0131kland\u0131. Bu y\u0131l 61 bilardo sporcusunun kat\u0131ld\u0131\u011f\u0131 il birincili\u011fi m\u00fcsabakalar\u0131 sonucunda Adem Yetkil \u015fampiyon olurken, ikinci Hasan Alt\u0131nba\u011f oldu. \u00dc\u00e7\u00fcnc\u00fcl\u00fckleri ise Mustafa Bilgin ve Ahmet Y\u00fccel \u00d6zcan payla\u015ft\u0131.<br \/>\n<br \/>Turnuvan\u0131n \u00f6d\u00fcl t\u00f6renine kat\u0131lan Gen\u00e7lik Spor \u0130l M\u00fcd\u00fcrl\u00fc\u011f\u00fc Spor \u015eube M\u00fcd\u00fcr\u00fc Serkan Pa\u00e7al\u0131 organizasyonun \u00e7ok g\u00fczel ge\u00e7ti\u011fini ifade ederek bilardo sporunun daha da geli\u015fmesi i\u00e7in ellerinden geleni yapt\u0131klar\u0131n\u0131 belirtti. \u015eampiyon olan ve dereceye kat\u0131lan sporcular\u0131 kutlayan Pa\u00e7al\u0131 b\u00fct\u00fcn kat\u0131l\u0131mc\u0131lara da te\u015fekk\u00fcr etti.<br \/>\n<br \/>Mu\u011fla Bilardo il Temsilcisi Hasan Alt\u0131nba\u011f t\u00f6rende yapt\u0131\u011f\u0131 konu\u015fmada, \u201cBu y\u0131l ilk kez il birincili\u011fi turnuvas\u0131n\u0131 Mente\u015fe\u2019de yapt\u0131k. Bu tesisin Mu\u011fla\u2019ya kazand\u0131r\u0131lmas\u0131nda eme\u011fi ge\u00e7en ba\u015fta il m\u00fcd\u00fcr\u00fcm\u00fcz Kaz\u0131m A\u00e7\u0131kba\u015f ve Spor \u015eube M\u00fcd\u00fcr\u00fcm\u00fcz Serkan Pa\u00e7al\u0131 olmak \u00fczere herkese te\u015fekk\u00fcr ediyorum. Gelen b\u00fct\u00fcn sporcular\u0131m\u0131z tesisleri ve organizasyonu \u00e7ok be\u011fendi. Mu\u011fla\u2019n\u0131n misafirperverli\u011fini elimizden geldi\u011fi kadar g\u00f6stermeye \u00e7al\u0131\u015ft\u0131k. Bundan sonra Gen\u00e7lik Spor \u0130l M\u00fcd\u00fcrl\u00fc\u011f\u00fcm\u00fcz ve Bilardo Federasyonu Ba\u015fkan\u0131m\u0131z Ersan Ercan ile birlikte daha g\u00fczel etkinlikler ve \u00f6zellikle gen\u00e7lere y\u00f6nelik kurslar d\u00fczenleyece\u011fiz. Turnuva boyunca organizasyonun sorunsuz ge\u00e7mesi i\u00e7in emek veren Mu\u011fla Karya Bilardo Spor Kul\u00fcb\u00fcn\u00fcn ba\u015fkan\u0131 Metin Bulut ve sporcular\u0131na da te\u015fekk\u00fcr ediyoruz\u201d dedi.<br \/>\n<br \/>Turnuvada \u015fampiyon olan Adem Yetkil de organizasyonda eme\u011fi ge\u00e7enlere te\u015fekk\u00fcr ederken Mu\u011fla\u2019da bilardonun geli\u015fmesi i\u00e7in ellerinden geleni yapacaklar\u0131n\u0131 ifade etti. Turnuva sonunda dereceye girenler Mu\u011fla\u2019y\u0131 T\u00fcrkiye \u015fampiyonas\u0131nda temsil etmeye hak kazand\u0131.<br \/><\/p>\n","protected":false},"excerpt":{"rendered":"<p>T\u00fcrkiye Bilardo Federasyonu\u2019na ba\u011fl\u0131 lisansl\u0131 sporcular\u0131n kat\u0131ld\u0131\u011f\u0131 Mu\u011fla \u0130l birincili\u011fi m\u00fcsabakalar\u0131 bu y\u0131l ilk kez Mente\u015fe Gen\u00e7lik Spor \u0130l M\u00fcd\u00fcrl\u00fc\u011f\u00fcne ait bilardo tesisinde yap\u0131ld\u0131. Ge\u00e7en y\u0131l Gen\u00e7lik Spor il M\u00fcd\u00fcr\u00fc Kaz\u0131m A\u00e7\u0131kba\u015f\u2019\u0131n destekleriyle y\u00fczme havuzunun alt\u0131nda a\u00e7\u0131lan tesiste yap\u0131lan turnuvaya rekor kat\u0131l\u0131m sa\u011fland\u0131. Organizasyonun Mente\u015fe\u2019de yap\u0131lmas\u0131 kat\u0131l\u0131m\u0131n y\u00fcksek olmas\u0131nda etkili olurken, \u00f6zellikle uzak il\u00e7elerden daha&#8230;<\/p>\n","protected":false},"author":1,"featured_media":11098,"comment_status":"open","ping_status":"open","sticky":false,"template":"","format":"standard","meta":{"_crdt_document":"","footnotes":""},"categories":[4],"tags":[],"class_list":["post-11097","post","type-post","status-publish","format-standard","has-post-thumbnail","hentry","category-spor"],"_links":{"self":[{"href":"https:\/\/www.egemtv.com\/index.php?rest_route=\/wp\/v2\/posts\/11097","targetHints":{"allow":["GET"]}}],"collection":[{"href":"https:\/\/www.egemtv.com\/index.php?rest_route=\/wp\/v2\/posts"}],"about":[{"href":"https:\/\/www.egemtv.com\/index.php?rest_route=\/wp\/v2\/types\/post"}],"author":[{"embeddable":true,"href":"https:\/\/www.egemtv.com\/index.php?rest_route=\/wp\/v2\/users\/1"}],"replies":[{"embeddable":true,"href":"https:\/\/www.egemtv.com\/index.php?rest_route=%2Fwp%2Fv2%2Fcomments&post=11097"}],"version-history":[{"count":1,"href":"https:\/\/www.egemtv.com\/index.php?rest_route=\/wp\/v2\/posts\/11097\/revisions"}],"predecessor-version":[{"id":11099,"href":"https:\/\/www.egemtv.com\/index.php?rest_route=\/wp\/v2\/posts\/11097\/revisions\/11099"}],"wp:featuredmedia":[{"embeddable":true,"href":"https:\/\/www.egemtv.com\/index.php?rest_route=\/wp\/v2\/media\/11098"}],"wp:attachment":[{"href":"https:\/\/www.egemtv.com\/index.php?rest_route=%2Fwp%2Fv2%2Fmedia&parent=11097"}],"wp:term":[{"taxonomy":"category","embeddable":true,"href":"https:\/\/www.egemtv.com\/index.php?rest_route=%2Fwp%2Fv2%2Fcategories&post=11097"},{"taxonomy":"post_tag","embeddable":true,"href":"https:\/\/www.egemtv.com\/index.php?rest_route=%2Fwp%2Fv2%2Ftags&post=11097"}],"curies":[{"name":"wp","href":"https:\/\/api.w.org\/{rel}","templated":true}]}}