{"id":11094,"date":"2025-01-21T12:02:12","date_gmt":"2025-01-21T09:02:12","guid":{"rendered":"https:\/\/www.egemtv.com\/?p=11094"},"modified":"2025-01-21T12:02:12","modified_gmt":"2025-01-21T09:02:12","slug":"eski-bakan-yardimcisi-yildizin-babasi-carsamba-gunu-topraga-verilecek","status":"publish","type":"post","link":"https:\/\/www.egemtv.com\/?p=11094","title":{"rendered":"Eski Bakan Yard\u0131mc\u0131s\u0131 Y\u0131ld\u0131z\u2019\u0131n babas\u0131 \u00c7ar\u015famba g\u00fcn\u00fc topra\u011fa verilecek"},"content":{"rendered":"<p>Ge\u00e7irdi\u011fi Trakt\u00f6r Kazas\u0131nda hayat\u0131n\u0131 kaybeden D\u0131\u015f \u0130\u015fleri eski Bakan Yard\u0131mc\u0131s\u0131 ve Denizli eski milletvekillerinden Ahmet Y\u0131ld\u0131z\u2019\u0131n babas\u0131n\u0131n cenazesi \u00c7ar\u015famba g\u00fcn\u00fc defin edilecek.<br \/>\n<br \/>H\u00fcseyin Y\u0131ld\u0131z y\u00f6netimindeki 20 DA 643 plakal\u0131 trakt\u00f6r, s\u00fcr\u00fcc\u00fcn\u00fcn kontrol\u00fcn\u00fc kaybetmesi sonucu viraj\u0131 alamayarak \u015farampole devrildi. Kazada a\u011f\u0131r yaralanan H\u00fcseyin Y\u0131ld\u0131z olay yerine gelen sa\u011fl\u0131k ekiplerinin m\u00fcdahalelerini ard\u0131ndan ambulansla \u00c7ardak Devlet Hastanesine sevk edildi. Hastanede doktorlar\u0131n t\u00fcm m\u00fcdahalelerine ra\u011fmen kurtar\u0131lamayan Y\u0131ld\u0131z hayat\u0131n\u0131 kaybetti.<br \/>\n<br \/>Ya\u015fam\u0131n\u0131 yitiren ya\u015fl\u0131 \u00e7ift\u00e7inin, 2018-2023 y\u0131llar\u0131 aras\u0131nda AK Parti Denizli milletvekilli\u011fi, 22 Haziran 2023 ile 25 Nisan 2024 tarihleri aras\u0131nda D\u0131\u015fi\u015fleri Bakan Yard\u0131mc\u0131l\u0131\u011f\u0131 yapan ve \u015fu an T\u00fcrkiye\u2019nin Birle\u015fmi\u015f Milletler Daimi Temsilcisi olan Ahmet Y\u0131ld\u0131z\u2019\u0131n babas\u0131 oldu\u011fu belirtildi.<br \/>\n<br \/>Yap\u0131lan otopsinin ard\u0131ndan H\u00fcseyin Y\u0131ld\u0131z\u2019\u0131n cans\u0131z bedeninin \u00c7ar\u015famba g\u00fcn\u00fc Denizli\u2019nin Bozkurt il\u00e7esinde topra\u011fa verilece\u011fi \u00f6\u011frenildi.<br \/><\/p>\n","protected":false},"excerpt":{"rendered":"<p>Ge\u00e7irdi\u011fi Trakt\u00f6r Kazas\u0131nda hayat\u0131n\u0131 kaybeden D\u0131\u015f \u0130\u015fleri eski Bakan Yard\u0131mc\u0131s\u0131 ve Denizli eski milletvekillerinden Ahmet Y\u0131ld\u0131z\u2019\u0131n babas\u0131n\u0131n cenazesi \u00c7ar\u015famba g\u00fcn\u00fc defin edilecek. H\u00fcseyin Y\u0131ld\u0131z y\u00f6netimindeki 20 DA 643 plakal\u0131 trakt\u00f6r, s\u00fcr\u00fcc\u00fcn\u00fcn kontrol\u00fcn\u00fc kaybetmesi sonucu viraj\u0131 alamayarak \u015farampole devrildi. Kazada a\u011f\u0131r yaralanan H\u00fcseyin Y\u0131ld\u0131z olay yerine gelen sa\u011fl\u0131k ekiplerinin m\u00fcdahalelerini ard\u0131ndan ambulansla \u00c7ardak Devlet Hastanesine sevk&#8230;<\/p>\n","protected":false},"author":1,"featured_media":11095,"comment_status":"open","ping_status":"open","sticky":false,"template":"","format":"standard","meta":{"_crdt_document":"","footnotes":""},"categories":[5],"tags":[],"class_list":["post-11094","post","type-post","status-publish","format-standard","has-post-thumbnail","hentry","category-asayis"],"_links":{"self":[{"href":"https:\/\/www.egemtv.com\/index.php?rest_route=\/wp\/v2\/posts\/11094","targetHints":{"allow":["GET"]}}],"collection":[{"href":"https:\/\/www.egemtv.com\/index.php?rest_route=\/wp\/v2\/posts"}],"about":[{"href":"https:\/\/www.egemtv.com\/index.php?rest_route=\/wp\/v2\/types\/post"}],"author":[{"embeddable":true,"href":"https:\/\/www.egemtv.com\/index.php?rest_route=\/wp\/v2\/users\/1"}],"replies":[{"embeddable":true,"href":"https:\/\/www.egemtv.com\/index.php?rest_route=%2Fwp%2Fv2%2Fcomments&post=11094"}],"version-history":[{"count":1,"href":"https:\/\/www.egemtv.com\/index.php?rest_route=\/wp\/v2\/posts\/11094\/revisions"}],"predecessor-version":[{"id":11096,"href":"https:\/\/www.egemtv.com\/index.php?rest_route=\/wp\/v2\/posts\/11094\/revisions\/11096"}],"wp:featuredmedia":[{"embeddable":true,"href":"https:\/\/www.egemtv.com\/index.php?rest_route=\/wp\/v2\/media\/11095"}],"wp:attachment":[{"href":"https:\/\/www.egemtv.com\/index.php?rest_route=%2Fwp%2Fv2%2Fmedia&parent=11094"}],"wp:term":[{"taxonomy":"category","embeddable":true,"href":"https:\/\/www.egemtv.com\/index.php?rest_route=%2Fwp%2Fv2%2Fcategories&post=11094"},{"taxonomy":"post_tag","embeddable":true,"href":"https:\/\/www.egemtv.com\/index.php?rest_route=%2Fwp%2Fv2%2Ftags&post=11094"}],"curies":[{"name":"wp","href":"https:\/\/api.w.org\/{rel}","templated":true}]}}