{"id":11061,"date":"2025-01-21T11:35:19","date_gmt":"2025-01-21T08:35:19","guid":{"rendered":"https:\/\/www.egemtv.com\/?p=11061"},"modified":"2025-01-21T11:35:21","modified_gmt":"2025-01-21T08:35:21","slug":"azerbaycanin-bagimsizlik-gunu-kutahyada-da-anildi","status":"publish","type":"post","link":"https:\/\/www.egemtv.com\/?p=11061","title":{"rendered":"Azerbaycan\u2019\u0131n ba\u011f\u0131ms\u0131zl\u0131k g\u00fcn\u00fc K\u00fctahya\u2019da da an\u0131ld\u0131"},"content":{"rendered":"<p>Azerbaycan\u2019\u0131n ba\u011f\u0131ms\u0131zl\u0131\u011f\u0131n\u0131n sembol\u00fc say\u0131lan ve &#8220;Kanl\u0131 Ocak&#8221; olarak tarihe ge\u00e7en katliam\u0131n anlat\u0131ld\u0131\u011f\u0131 foto\u011fraflar K\u00fctahya\u2019da sergilendi.<br \/>\n<br \/>K\u00fctahya Azerbaycan Park\u0131\u2019nda ger\u00e7ekle\u015fen sergi b\u00fcy\u00fck ilgi g\u00f6r\u00fcrken duygusal anlar ya\u015fand\u0131. Azerbaycan K\u00fclt\u00fcr ve Dayan\u0131\u015fma Derne\u011fi Ba\u015fkan\u0131 \u0130lgar \u0130drisov, \u201cBug\u00fcn, Azerbaycan halk\u0131 i\u00e7in hem b\u00fcy\u00fck bir ac\u0131n\u0131n hem de ba\u011f\u0131ms\u0131zl\u0131k zaferinin g\u00fcn\u00fcd\u00fcr. 20 Ocak katliam\u0131, halk\u0131m\u0131z\u0131n \u00f6zg\u00fcrl\u00fck m\u00fccadelesinin en \u00f6nemli simgelerinden biridir. Azerbaycan halk\u0131, Sovyet ordusunun i\u015fgaline kar\u015f\u0131 b\u00fcy\u00fck bir direni\u015f sergilemi\u015f, \u00f6zg\u00fcrl\u00fc\u011f\u00fc u\u011fruna canlar\u0131n\u0131 feda etmi\u015ftir. Bu tarih, \u015fanl\u0131 m\u00fccadelemizin unutulmaz bir par\u00e7as\u0131d\u0131r&#8221; dedi.<br \/>\n<br \/>\u201cAzerbaycan\u2019\u0131n ba\u011f\u0131ms\u0131zl\u0131k m\u00fccadelesi, T\u00fcrk milletinin \u00f6zg\u00fcrl\u00fck ve ba\u011f\u0131ms\u0131zl\u0131k azmini temsil ediyor\u201d diyen \u0130drisov, \u015fehitlerin hat\u0131ras\u0131n\u0131 ya\u015fatman\u0131n ve bu m\u00fccadeleyi gelecek ku\u015faklara aktarman\u0131n herkesin g\u00f6revi oldu\u011funu ifade etti.<br \/>\n<br \/>Her y\u0131l d\u00fczenlenen anma etkinlikleri, Azerbaycan halk\u0131n\u0131n ba\u011f\u0131ms\u0131zl\u0131k u\u011fruna verdi\u011fi m\u00fccadeleyi unutturmamak ve bu u\u011furda hayat\u0131n\u0131 kaybeden \u015fehitlerin hat\u0131ras\u0131n\u0131 ya\u015fatmak amac\u0131yla d\u00fczenleniyor. K\u00fctahya\u2019da ger\u00e7ekle\u015fen etkinlik, Azerbaycan ve T\u00fcrk halklar\u0131 aras\u0131ndaki karde\u015flik ba\u011flar\u0131n\u0131 bir kez daha g\u00fc\u00e7lendirdi.<br \/>\n<br \/>K\u00fctahya Dumlup\u0131nar \u00dcniversitesi\u2019nde \u00f6\u011frenim g\u00f6ren Azerbaycanl\u0131 \u00f6\u011frenciler ise, ac\u0131 olaylar\u0131n Azerbaycan halk\u0131n\u0131n cesaretini ve ba\u011f\u0131ms\u0131zl\u0131k yolundaki kararl\u0131l\u0131\u011f\u0131n\u0131 ortaya koydu\u011funu dile getirdi.<br \/><\/p>\n","protected":false},"excerpt":{"rendered":"<p>Azerbaycan\u2019\u0131n ba\u011f\u0131ms\u0131zl\u0131\u011f\u0131n\u0131n sembol\u00fc say\u0131lan ve &#8220;Kanl\u0131 Ocak&#8221; olarak tarihe ge\u00e7en katliam\u0131n anlat\u0131ld\u0131\u011f\u0131 foto\u011fraflar K\u00fctahya\u2019da sergilendi. K\u00fctahya Azerbaycan Park\u0131\u2019nda ger\u00e7ekle\u015fen sergi b\u00fcy\u00fck ilgi g\u00f6r\u00fcrken duygusal anlar ya\u015fand\u0131. Azerbaycan K\u00fclt\u00fcr ve Dayan\u0131\u015fma Derne\u011fi Ba\u015fkan\u0131 \u0130lgar \u0130drisov, \u201cBug\u00fcn, Azerbaycan halk\u0131 i\u00e7in hem b\u00fcy\u00fck bir ac\u0131n\u0131n hem de ba\u011f\u0131ms\u0131zl\u0131k zaferinin g\u00fcn\u00fcd\u00fcr. 20 Ocak katliam\u0131, halk\u0131m\u0131z\u0131n \u00f6zg\u00fcrl\u00fck m\u00fccadelesinin en \u00f6nemli&#8230;<\/p>\n","protected":false},"author":1,"featured_media":11062,"comment_status":"open","ping_status":"open","sticky":false,"template":"","format":"standard","meta":{"_crdt_document":"","footnotes":""},"categories":[1],"tags":[],"class_list":["post-11061","post","type-post","status-publish","format-standard","has-post-thumbnail","hentry","category-guncel"],"_links":{"self":[{"href":"https:\/\/www.egemtv.com\/index.php?rest_route=\/wp\/v2\/posts\/11061","targetHints":{"allow":["GET"]}}],"collection":[{"href":"https:\/\/www.egemtv.com\/index.php?rest_route=\/wp\/v2\/posts"}],"about":[{"href":"https:\/\/www.egemtv.com\/index.php?rest_route=\/wp\/v2\/types\/post"}],"author":[{"embeddable":true,"href":"https:\/\/www.egemtv.com\/index.php?rest_route=\/wp\/v2\/users\/1"}],"replies":[{"embeddable":true,"href":"https:\/\/www.egemtv.com\/index.php?rest_route=%2Fwp%2Fv2%2Fcomments&post=11061"}],"version-history":[{"count":1,"href":"https:\/\/www.egemtv.com\/index.php?rest_route=\/wp\/v2\/posts\/11061\/revisions"}],"predecessor-version":[{"id":11063,"href":"https:\/\/www.egemtv.com\/index.php?rest_route=\/wp\/v2\/posts\/11061\/revisions\/11063"}],"wp:featuredmedia":[{"embeddable":true,"href":"https:\/\/www.egemtv.com\/index.php?rest_route=\/wp\/v2\/media\/11062"}],"wp:attachment":[{"href":"https:\/\/www.egemtv.com\/index.php?rest_route=%2Fwp%2Fv2%2Fmedia&parent=11061"}],"wp:term":[{"taxonomy":"category","embeddable":true,"href":"https:\/\/www.egemtv.com\/index.php?rest_route=%2Fwp%2Fv2%2Fcategories&post=11061"},{"taxonomy":"post_tag","embeddable":true,"href":"https:\/\/www.egemtv.com\/index.php?rest_route=%2Fwp%2Fv2%2Ftags&post=11061"}],"curies":[{"name":"wp","href":"https:\/\/api.w.org\/{rel}","templated":true}]}}