{"id":11046,"date":"2025-01-21T11:29:51","date_gmt":"2025-01-21T08:29:51","guid":{"rendered":"https:\/\/www.egemtv.com\/?p=11046"},"modified":"2025-01-21T11:29:53","modified_gmt":"2025-01-21T08:29:53","slug":"baskan-zencirci-barinak-ve-rehabilitasyon-merkezi-calismalarini-yerinde-inceledi","status":"publish","type":"post","link":"https:\/\/www.egemtv.com\/?p=11046","title":{"rendered":"Ba\u015fkan Zencirci, bar\u0131nak ve rehabilitasyon merkezi \u00e7al\u0131\u015fmalar\u0131n\u0131 yerinde inceledi"},"content":{"rendered":"<p>Germencik Belediye Ba\u015fkan\u0131 Burak Zencirci il\u00e7ede yap\u0131m\u0131n\u0131 s\u00fcrd\u00fcren bar\u0131nak ve rehabilitasyon merkezi \u00e7al\u0131\u015fmalar\u0131n\u0131 yerinde incelerken, minik dostlar i\u00e7in en iyi \u015fartlar\u0131 sa\u011flamak amac\u0131yla \u00e7al\u0131\u015fmalar\u0131n titizlikle devam etti\u011fini belirtti.<\/p>\n<p>Germencik Belediye Ba\u015fkan\u0131 Burak Zencirci il\u00e7ede yap\u0131m\u0131 s\u00fcren hayvan bar\u0131na\u011f\u0131 ve rehabilitasyon merkezi \u00e7al\u0131\u015fmalar\u0131n\u0131 yerinde inceledi. Ba\u015fkan Zencirci bu projeyle sokak hayvanlar\u0131n\u0131n bak\u0131m ve tedavisini en iyi \u015fekilde yapmay\u0131 hedeflediklerini belirterek, sokak canlar\u0131 i\u00e7in en iyi \u015fartlar\u0131 sa\u011flamak amac\u0131yla \u00e7al\u0131\u015fmalar\u0131n titizlikle devam etti\u011fini vurgulad\u0131. Zencirci, &#8220;Bar\u0131nak ve rehabilitasyon merkezimiz tamamland\u0131\u011f\u0131nda, burada sadece hayvanlar\u0131n bak\u0131m ve tedavisi yap\u0131lmayacak, ayn\u0131 zamanda sokak hayvanlar\u0131n\u0131n g\u00fcvenli bir ortamda bar\u0131nmalar\u0131 sa\u011flanacak ve sa\u011fl\u0131kl\u0131 bir \u015fekilde sahiplendirilmeleri i\u00e7in gerekli s\u00fcre\u00e7ler ba\u015flat\u0131lacak&#8221; dedi.<\/p>\n<p>Hayvan bar\u0131na\u011f\u0131 ve rehabilitasyon merkezi \u00e7al\u0131\u015fmalar\u0131n\u0131n h\u0131zla devam etti\u011fini ifade eden Zencirci, bu merkezle birlikte b\u00f6lgedeki hayvan haklar\u0131 bilincinin de artaca\u011f\u0131na inand\u0131\u011f\u0131n\u0131 kaydetti.<br \/><\/p>\n","protected":false},"excerpt":{"rendered":"<p>Germencik Belediye Ba\u015fkan\u0131 Burak Zencirci il\u00e7ede yap\u0131m\u0131n\u0131 s\u00fcrd\u00fcren bar\u0131nak ve rehabilitasyon merkezi \u00e7al\u0131\u015fmalar\u0131n\u0131 yerinde incelerken, minik dostlar i\u00e7in en iyi \u015fartlar\u0131 sa\u011flamak amac\u0131yla \u00e7al\u0131\u015fmalar\u0131n titizlikle devam etti\u011fini belirtti. Germencik Belediye Ba\u015fkan\u0131 Burak Zencirci il\u00e7ede yap\u0131m\u0131 s\u00fcren hayvan bar\u0131na\u011f\u0131 ve rehabilitasyon merkezi \u00e7al\u0131\u015fmalar\u0131n\u0131 yerinde inceledi. Ba\u015fkan Zencirci bu projeyle sokak hayvanlar\u0131n\u0131n bak\u0131m ve tedavisini en iyi&#8230;<\/p>\n","protected":false},"author":1,"featured_media":11047,"comment_status":"open","ping_status":"open","sticky":false,"template":"","format":"standard","meta":{"_crdt_document":"","footnotes":""},"categories":[1],"tags":[],"class_list":["post-11046","post","type-post","status-publish","format-standard","has-post-thumbnail","hentry","category-guncel"],"_links":{"self":[{"href":"https:\/\/www.egemtv.com\/index.php?rest_route=\/wp\/v2\/posts\/11046","targetHints":{"allow":["GET"]}}],"collection":[{"href":"https:\/\/www.egemtv.com\/index.php?rest_route=\/wp\/v2\/posts"}],"about":[{"href":"https:\/\/www.egemtv.com\/index.php?rest_route=\/wp\/v2\/types\/post"}],"author":[{"embeddable":true,"href":"https:\/\/www.egemtv.com\/index.php?rest_route=\/wp\/v2\/users\/1"}],"replies":[{"embeddable":true,"href":"https:\/\/www.egemtv.com\/index.php?rest_route=%2Fwp%2Fv2%2Fcomments&post=11046"}],"version-history":[{"count":1,"href":"https:\/\/www.egemtv.com\/index.php?rest_route=\/wp\/v2\/posts\/11046\/revisions"}],"predecessor-version":[{"id":11048,"href":"https:\/\/www.egemtv.com\/index.php?rest_route=\/wp\/v2\/posts\/11046\/revisions\/11048"}],"wp:featuredmedia":[{"embeddable":true,"href":"https:\/\/www.egemtv.com\/index.php?rest_route=\/wp\/v2\/media\/11047"}],"wp:attachment":[{"href":"https:\/\/www.egemtv.com\/index.php?rest_route=%2Fwp%2Fv2%2Fmedia&parent=11046"}],"wp:term":[{"taxonomy":"category","embeddable":true,"href":"https:\/\/www.egemtv.com\/index.php?rest_route=%2Fwp%2Fv2%2Fcategories&post=11046"},{"taxonomy":"post_tag","embeddable":true,"href":"https:\/\/www.egemtv.com\/index.php?rest_route=%2Fwp%2Fv2%2Ftags&post=11046"}],"curies":[{"name":"wp","href":"https:\/\/api.w.org\/{rel}","templated":true}]}}