{"id":11043,"date":"2025-01-21T11:13:13","date_gmt":"2025-01-21T08:13:13","guid":{"rendered":"https:\/\/www.egemtv.com\/?p=11043"},"modified":"2025-01-21T11:13:16","modified_gmt":"2025-01-21T08:13:16","slug":"izmir-ihh-arama-kurtarma-afadda-orta-akredite-oldu","status":"publish","type":"post","link":"https:\/\/www.egemtv.com\/?p=11043","title":{"rendered":"\u0130zmir \u0130HH Arama Kurtarma, AFAD\u2019da Orta Akredite oldu"},"content":{"rendered":"<p>\u0130zmir \u0130HH Arama Kurtarma Ekibi, AFAD\u2019\u0131n de\u011ferlendirme s\u00fcre\u00e7lerini ba\u015far\u0131yla tamamlayarak orta akreditasyon seviyesine y\u00fckseldi. B\u00f6lgedeki afet m\u00fcdahale g\u00fcc\u00fcne \u00f6nemli katk\u0131 sa\u011flayan ekip, 67 ki\u015filik uzman kadrosuyla art\u0131k daha g\u00fc\u00e7l\u00fc bir \u015fekilde sahada olacak.<br \/>\n<br \/>\u0130nsan Hak ve H\u00fcrriyetleri (\u0130HH) \u0130nsani Yard\u0131m Vakf\u0131 \u0130zmir Arama Kurtarma Ekibi, AFAD\u2019\u0131n ulusal standartlarda belirledi\u011fi akreditasyon s\u00fcre\u00e7lerini ba\u015far\u0131yla tamamlayarak orta akreditasyon seviyesine y\u00fckseldi. Toplam 67 g\u00f6n\u00fcll\u00fcden olu\u015fan ekip, sahadaki operasyonel yeteneklerini ve kriz m\u00fcdahale kapasitelerini bir kez daha kan\u0131tlad\u0131.<br \/>\n<br \/>AFAD\u2019\u0131n orta akreditasyon seviyesi, bir arama kurtarma ekibinin ulusal ve uluslararas\u0131 standartlarda m\u00fcdahale kapasitesine sahip oldu\u011funu g\u00f6steriyor. Bu seviye hem do\u011fal afetlerde hem de insani krizlerde etkin ve h\u0131zl\u0131 m\u00fcdahale anlam\u0131na geliyor.<\/p>\n<p>E\u011fitim ve ekipman yat\u0131r\u0131mlar\u0131 sonu\u00e7 verdi<br \/>\n<br \/>\u0130zmir \u0130HH Arama Kurtarma Ekibi, bu ba\u015far\u0131ya d\u00fczenli e\u011fitimler, saha tatbikatlar\u0131 ve ekipman modernizasyonuyla ula\u015ft\u0131. Ekip \u00fcyeleri, deprem, sel, heyelan ve di\u011fer do\u011fal afetlere y\u00f6nelik teknik bilgi ve uygulama becerilerini geli\u015ftirmek amac\u0131yla s\u00fcrekli olarak e\u011fitim al\u0131yor. Ayr\u0131ca ekip, afet b\u00f6lgelerinde etkili arama kurtarma faaliyetleri y\u00fcr\u00fctmek i\u00e7in AFAD ile koordineli olarak \u00e7al\u0131\u015f\u0131yor.<br \/>\n<br \/>\u0130zmir \u0130HH yetkililerinden al\u0131nan bilgilere g\u00f6re, ekibin bu ba\u015far\u0131y\u0131 elde etmesindeki en \u00f6nemli fakt\u00f6rler aras\u0131nda g\u00f6n\u00fcll\u00fclerin \u00f6zverili \u00e7al\u0131\u015fmalar\u0131 ve kurumlar aras\u0131 i\u015f birli\u011finin etkisi bulunuyor. \u0130HH yetkilileri \u015fu a\u00e7\u0131klamay\u0131 yapt\u0131: \u201cAFAD\u2019\u0131n akreditasyon s\u00fcre\u00e7lerini ba\u015far\u0131yla tamamlam\u0131\u015f olmaktan b\u00fcy\u00fck mutluluk duyuyoruz. Bu, y\u0131llard\u0131r s\u00fcregelen \u00e7al\u0131\u015fmalar\u0131m\u0131z\u0131n ve emeklerimizin bir sonucudur. Hedefimiz, her zaman en h\u0131zl\u0131 ve etkin \u015fekilde insanlara ula\u015farak hayat kurtarmakt\u0131r.\u201d<\/p>\n<p>Afetlere daha h\u0131zl\u0131 ve etkin m\u00fcdahale<br \/>\n<br \/>67 ki\u015filik g\u00f6n\u00fcll\u00fc kadrosuyla orta akreditasyon seviyesine ula\u015fan \u0130zmir \u0130HH, yaln\u0131zca \u0130zmir de\u011fil, t\u00fcm T\u00fcrkiye\u2019de afet ve kriz b\u00f6lgelerinde g\u00f6rev alabilecek. Bu seviyedeki ekipler, ulusal acil durum planlar\u0131nda yer alarak b\u00fcy\u00fck \u00e7apl\u0131 afetlere m\u00fcdahalede daha aktif roller \u00fcstleniyor.<\/p>\n<p>K\u00fcresel standartlarda bir ekip<br \/>\n<br \/>\u0130zmir \u0130HH, yaln\u0131zca yerel d\u00fczeyde de\u011fil, uluslararas\u0131 afet m\u00fcdahalelerinde de g\u00f6rev yapabilecek donan\u0131m ve uzmanl\u0131\u011fa sahip. Akreditasyonla birlikte, AFAD\u2019\u0131n belirledi\u011fi uluslararas\u0131 kriterlere uygun olarak di\u011fer \u00fclkelerde ya\u015fanabilecek krizlere de m\u00fcdahale edebilecek. Bu durum, T\u00fcrkiye\u2019nin insani yard\u0131m \u00e7al\u0131\u015fmalar\u0131ndaki lider konumunu destekler nitelikte.<\/p>\n<p>\u0130zmir \u0130HH\u2019n\u0131n \u00f6ncelikleri<br \/>\n<br \/>\u0130zmir \u0130HH, bu akreditasyonun ard\u0131ndan, B\u00f6lgedeki arama kurtarma kapasitelerini art\u0131rmay\u0131, daha fazla g\u00f6n\u00fcll\u00fcy\u00fc e\u011fitmeyi, modern ekipman yat\u0131r\u0131mlar\u0131 yapmay\u0131, afet fark\u0131ndal\u0131\u011f\u0131 ve \u00f6nleyici tedbirler konusunda toplumu bilin\u00e7lendirmeyi hedefliyor.<\/p>\n<p>Hedef daha fazla e\u011fitim ve fark\u0131ndal\u0131k<br \/>\n<br \/>\u0130zmir \u0130HH temsilcileri, bu ba\u015far\u0131yla yetinmeyerek ileri seviye akreditasyon hedeflediklerini belirtti. Toplumun afetlere kar\u015f\u0131 daha bilin\u00e7li hale getirilmesi i\u00e7in fark\u0131ndal\u0131k kampanyalar\u0131 ve e\u011fitim programlar\u0131n\u0131n \u00f6n\u00fcm\u00fczdeki d\u00f6nemde yo\u011funla\u015faca\u011f\u0131 da ifade edildi.<br \/><\/p>\n","protected":false},"excerpt":{"rendered":"<p>\u0130zmir \u0130HH Arama Kurtarma Ekibi, AFAD\u2019\u0131n de\u011ferlendirme s\u00fcre\u00e7lerini ba\u015far\u0131yla tamamlayarak orta akreditasyon seviyesine y\u00fckseldi. B\u00f6lgedeki afet m\u00fcdahale g\u00fcc\u00fcne \u00f6nemli katk\u0131 sa\u011flayan ekip, 67 ki\u015filik uzman kadrosuyla art\u0131k daha g\u00fc\u00e7l\u00fc bir \u015fekilde sahada olacak. \u0130nsan Hak ve H\u00fcrriyetleri (\u0130HH) \u0130nsani Yard\u0131m Vakf\u0131 \u0130zmir Arama Kurtarma Ekibi, AFAD\u2019\u0131n ulusal standartlarda belirledi\u011fi akreditasyon s\u00fcre\u00e7lerini ba\u015far\u0131yla tamamlayarak orta akreditasyon&#8230;<\/p>\n","protected":false},"author":1,"featured_media":11044,"comment_status":"open","ping_status":"open","sticky":false,"template":"","format":"standard","meta":{"_crdt_document":"","footnotes":""},"categories":[5],"tags":[],"class_list":["post-11043","post","type-post","status-publish","format-standard","has-post-thumbnail","hentry","category-asayis"],"_links":{"self":[{"href":"https:\/\/www.egemtv.com\/index.php?rest_route=\/wp\/v2\/posts\/11043","targetHints":{"allow":["GET"]}}],"collection":[{"href":"https:\/\/www.egemtv.com\/index.php?rest_route=\/wp\/v2\/posts"}],"about":[{"href":"https:\/\/www.egemtv.com\/index.php?rest_route=\/wp\/v2\/types\/post"}],"author":[{"embeddable":true,"href":"https:\/\/www.egemtv.com\/index.php?rest_route=\/wp\/v2\/users\/1"}],"replies":[{"embeddable":true,"href":"https:\/\/www.egemtv.com\/index.php?rest_route=%2Fwp%2Fv2%2Fcomments&post=11043"}],"version-history":[{"count":1,"href":"https:\/\/www.egemtv.com\/index.php?rest_route=\/wp\/v2\/posts\/11043\/revisions"}],"predecessor-version":[{"id":11045,"href":"https:\/\/www.egemtv.com\/index.php?rest_route=\/wp\/v2\/posts\/11043\/revisions\/11045"}],"wp:featuredmedia":[{"embeddable":true,"href":"https:\/\/www.egemtv.com\/index.php?rest_route=\/wp\/v2\/media\/11044"}],"wp:attachment":[{"href":"https:\/\/www.egemtv.com\/index.php?rest_route=%2Fwp%2Fv2%2Fmedia&parent=11043"}],"wp:term":[{"taxonomy":"category","embeddable":true,"href":"https:\/\/www.egemtv.com\/index.php?rest_route=%2Fwp%2Fv2%2Fcategories&post=11043"},{"taxonomy":"post_tag","embeddable":true,"href":"https:\/\/www.egemtv.com\/index.php?rest_route=%2Fwp%2Fv2%2Ftags&post=11043"}],"curies":[{"name":"wp","href":"https:\/\/api.w.org\/{rel}","templated":true}]}}