{"id":11037,"date":"2025-01-21T10:56:25","date_gmt":"2025-01-21T07:56:25","guid":{"rendered":"https:\/\/www.egemtv.com\/?p=11037"},"modified":"2025-01-21T10:56:25","modified_gmt":"2025-01-21T07:56:25","slug":"karacasuda-bozuk-yollar-bakima-alindi","status":"publish","type":"post","link":"https:\/\/www.egemtv.com\/?p=11037","title":{"rendered":"Karacasu\u2019da bozuk yollar bak\u0131ma al\u0131nd\u0131"},"content":{"rendered":"<p>Ayd\u0131n\u2019\u0131n Karacasu il\u00e7esinde bozulan yollarda belediye ekipleri taraf\u0131ndan bak\u0131m \u00e7al\u0131\u015fmas\u0131 yap\u0131l\u0131yor.<br \/>\n<br \/>Karacasu Belediyesi ekipleri il\u00e7e genelinde \u00e7al\u0131\u015fmalar\u0131n\u0131 s\u00fcrd\u00fcr\u00fcyor. Ekipler bozulan yollarda onar\u0131m \u00e7al\u0131\u015fmalar\u0131 yaparak, yaya ve ara\u00e7 ula\u015f\u0131m\u0131n\u0131 g\u00fcvenli hale getiriyor. Karacasu Belediyesi\u2019nden yap\u0131lan a\u00e7\u0131klamada, \u201c\u0130l\u00e7emiz genelinde yol ve kald\u0131r\u0131m bak\u0131m-onar\u0131m \u00e7al\u0131\u015fmalar\u0131m\u0131z aral\u0131ks\u0131z devam etmektedir\u201d denildi.<br \/><\/p>\n","protected":false},"excerpt":{"rendered":"<p>Ayd\u0131n\u2019\u0131n Karacasu il\u00e7esinde bozulan yollarda belediye ekipleri taraf\u0131ndan bak\u0131m \u00e7al\u0131\u015fmas\u0131 yap\u0131l\u0131yor. Karacasu Belediyesi ekipleri il\u00e7e genelinde \u00e7al\u0131\u015fmalar\u0131n\u0131 s\u00fcrd\u00fcr\u00fcyor. Ekipler bozulan yollarda onar\u0131m \u00e7al\u0131\u015fmalar\u0131 yaparak, yaya ve ara\u00e7 ula\u015f\u0131m\u0131n\u0131 g\u00fcvenli hale getiriyor. Karacasu Belediyesi\u2019nden yap\u0131lan a\u00e7\u0131klamada, \u201c\u0130l\u00e7emiz genelinde yol ve kald\u0131r\u0131m bak\u0131m-onar\u0131m \u00e7al\u0131\u015fmalar\u0131m\u0131z aral\u0131ks\u0131z devam etmektedir\u201d denildi.<\/p>\n","protected":false},"author":1,"featured_media":11038,"comment_status":"open","ping_status":"open","sticky":false,"template":"","format":"standard","meta":{"_crdt_document":"","footnotes":""},"categories":[1],"tags":[],"class_list":["post-11037","post","type-post","status-publish","format-standard","has-post-thumbnail","hentry","category-guncel"],"_links":{"self":[{"href":"https:\/\/www.egemtv.com\/index.php?rest_route=\/wp\/v2\/posts\/11037","targetHints":{"allow":["GET"]}}],"collection":[{"href":"https:\/\/www.egemtv.com\/index.php?rest_route=\/wp\/v2\/posts"}],"about":[{"href":"https:\/\/www.egemtv.com\/index.php?rest_route=\/wp\/v2\/types\/post"}],"author":[{"embeddable":true,"href":"https:\/\/www.egemtv.com\/index.php?rest_route=\/wp\/v2\/users\/1"}],"replies":[{"embeddable":true,"href":"https:\/\/www.egemtv.com\/index.php?rest_route=%2Fwp%2Fv2%2Fcomments&post=11037"}],"version-history":[{"count":1,"href":"https:\/\/www.egemtv.com\/index.php?rest_route=\/wp\/v2\/posts\/11037\/revisions"}],"predecessor-version":[{"id":11039,"href":"https:\/\/www.egemtv.com\/index.php?rest_route=\/wp\/v2\/posts\/11037\/revisions\/11039"}],"wp:featuredmedia":[{"embeddable":true,"href":"https:\/\/www.egemtv.com\/index.php?rest_route=\/wp\/v2\/media\/11038"}],"wp:attachment":[{"href":"https:\/\/www.egemtv.com\/index.php?rest_route=%2Fwp%2Fv2%2Fmedia&parent=11037"}],"wp:term":[{"taxonomy":"category","embeddable":true,"href":"https:\/\/www.egemtv.com\/index.php?rest_route=%2Fwp%2Fv2%2Fcategories&post=11037"},{"taxonomy":"post_tag","embeddable":true,"href":"https:\/\/www.egemtv.com\/index.php?rest_route=%2Fwp%2Fv2%2Ftags&post=11037"}],"curies":[{"name":"wp","href":"https:\/\/api.w.org\/{rel}","templated":true}]}}