{"id":11025,"date":"2025-01-21T10:49:35","date_gmt":"2025-01-21T07:49:35","guid":{"rendered":"https:\/\/www.egemtv.com\/?p=11025"},"modified":"2025-01-21T10:49:37","modified_gmt":"2025-01-21T07:49:37","slug":"sehzadelerin-sut-kardesim-projesine-yogun-ilgi","status":"publish","type":"post","link":"https:\/\/www.egemtv.com\/?p=11025","title":{"rendered":"\u015eehzadeler\u2019in \u2019S\u00fct karde\u015fim\u2019 projesine yo\u011fun ilgi"},"content":{"rendered":"<p>\u015eehzadeler Belediyesi\u2019nin, 12-36 ay aras\u0131ndaki \u00e7ocuklar\u0131n sa\u011fl\u0131kl\u0131 geli\u015fimini desteklemek amac\u0131yla hayata ge\u00e7irdi\u011fi \u201cS\u00fct karde\u015fim\u201d projesi, vatanda\u015flardan yo\u011fun ilgi g\u00f6rd\u00fc. Proje i\u00e7in 19 Ocak tarihinde ba\u015flayan ba\u015fvurular, 24 Ocak Cuma g\u00fcn\u00fc son bulacak.<br \/>\n<br \/>Sosyal belediyecilik anlay\u0131\u015f\u0131yla, hem \u00e7ocuklar\u0131n sa\u011fl\u0131kl\u0131 beslenmesini sa\u011flamak hem de aile b\u00fct\u00e7elerine katk\u0131 sunmak i\u00e7in hayata ge\u00e7irilen \u201cS\u00fct Karde\u015fim\u201d projesine ba\u015fvurular, 19 Ocak\u2019ta ba\u015flad\u0131. \u0130lk g\u00fcn vatanda\u015flar\u0131n yo\u011fun ilgisi dikkat \u00e7ekerken, aileler \u0130yilik Bank biriminde ba\u015fvurular\u0131n\u0131 h\u0131zl\u0131 bir \u015fekilde tamaml\u0131yor. Ba\u015fvuru s\u00fcrecinin ilk a\u015famas\u0131 24 Ocak Cuma g\u00fcn\u00fc sona erecek.<\/p>\n<p>Her ay 4 litre s\u00fct deste\u011fi<br \/>\n<br \/>Projeden faydalanmak isteyen ailelerin, \u00e7ocuk ve aile kimlik bilgileri ile birlikte ikametg\u00e2h belgelerini \u0130yilik Bank\u2019a teslim etmeleri gerekiyor. Ba\u015fvuru sonras\u0131 onaylanan ailelere her ay d\u00fczenli olarak 4 litre s\u00fct deste\u011fi sa\u011flanacak ve \u015eehzadeler Belediyesi ekipleri, ihtiya\u00e7 sahibi ailelere s\u00fctleri adreslerine kadar ula\u015ft\u0131racak.<\/p>\n<p>Yeni do\u011fan \u00e7ocuklar da dahil olacak<br \/>\n<br \/>Projenin devaml\u0131l\u0131\u011f\u0131yla ilgili a\u00e7\u0131klamalarda bulunan \u015eehzadeler Belediye Ba\u015fkan\u0131 G\u00fcl\u015fah Durbay, \u201cS\u00fct Karde\u015fim\u201d projesinin yaln\u0131zca mevcut \u00e7ocuklar i\u00e7in de\u011fil, ilerleyen d\u00f6nemlerde d\u00fcnyaya gelecek minik yavrular i\u00e7in de devam edece\u011fini belirtti. Ba\u015fkan Durbay, \u201c\u00c7ocuklar\u0131m\u0131z\u0131n sa\u011fl\u0131kl\u0131 b\u00fcy\u00fcmesi ve geli\u015fimi, gelece\u011fimizin g\u00fcvencesi. Bu projeyle ailelerimize destek olmaktan mutluluk duyuyoruz. \u015eehzadeler\u2019in minikleri art\u0131k bizim s\u00fct karde\u015fimiz olacak. Projemiz, ihtiya\u00e7 sahiplerine umut olmaya devam edecek\u201ddedi.<br \/><\/p>\n","protected":false},"excerpt":{"rendered":"<p>\u015eehzadeler Belediyesi\u2019nin, 12-36 ay aras\u0131ndaki \u00e7ocuklar\u0131n sa\u011fl\u0131kl\u0131 geli\u015fimini desteklemek amac\u0131yla hayata ge\u00e7irdi\u011fi \u201cS\u00fct karde\u015fim\u201d projesi, vatanda\u015flardan yo\u011fun ilgi g\u00f6rd\u00fc. Proje i\u00e7in 19 Ocak tarihinde ba\u015flayan ba\u015fvurular, 24 Ocak Cuma g\u00fcn\u00fc son bulacak. Sosyal belediyecilik anlay\u0131\u015f\u0131yla, hem \u00e7ocuklar\u0131n sa\u011fl\u0131kl\u0131 beslenmesini sa\u011flamak hem de aile b\u00fct\u00e7elerine katk\u0131 sunmak i\u00e7in hayata ge\u00e7irilen \u201cS\u00fct Karde\u015fim\u201d projesine ba\u015fvurular, 19 Ocak\u2019ta&#8230;<\/p>\n","protected":false},"author":1,"featured_media":11026,"comment_status":"open","ping_status":"open","sticky":false,"template":"","format":"standard","meta":{"_crdt_document":"","footnotes":""},"categories":[125],"tags":[],"class_list":["post-11025","post","type-post","status-publish","format-standard","has-post-thumbnail","hentry","category-ekonomi"],"_links":{"self":[{"href":"https:\/\/www.egemtv.com\/index.php?rest_route=\/wp\/v2\/posts\/11025","targetHints":{"allow":["GET"]}}],"collection":[{"href":"https:\/\/www.egemtv.com\/index.php?rest_route=\/wp\/v2\/posts"}],"about":[{"href":"https:\/\/www.egemtv.com\/index.php?rest_route=\/wp\/v2\/types\/post"}],"author":[{"embeddable":true,"href":"https:\/\/www.egemtv.com\/index.php?rest_route=\/wp\/v2\/users\/1"}],"replies":[{"embeddable":true,"href":"https:\/\/www.egemtv.com\/index.php?rest_route=%2Fwp%2Fv2%2Fcomments&post=11025"}],"version-history":[{"count":1,"href":"https:\/\/www.egemtv.com\/index.php?rest_route=\/wp\/v2\/posts\/11025\/revisions"}],"predecessor-version":[{"id":11027,"href":"https:\/\/www.egemtv.com\/index.php?rest_route=\/wp\/v2\/posts\/11025\/revisions\/11027"}],"wp:featuredmedia":[{"embeddable":true,"href":"https:\/\/www.egemtv.com\/index.php?rest_route=\/wp\/v2\/media\/11026"}],"wp:attachment":[{"href":"https:\/\/www.egemtv.com\/index.php?rest_route=%2Fwp%2Fv2%2Fmedia&parent=11025"}],"wp:term":[{"taxonomy":"category","embeddable":true,"href":"https:\/\/www.egemtv.com\/index.php?rest_route=%2Fwp%2Fv2%2Fcategories&post=11025"},{"taxonomy":"post_tag","embeddable":true,"href":"https:\/\/www.egemtv.com\/index.php?rest_route=%2Fwp%2Fv2%2Ftags&post=11025"}],"curies":[{"name":"wp","href":"https:\/\/api.w.org\/{rel}","templated":true}]}}