{"id":11022,"date":"2025-01-21T10:49:33","date_gmt":"2025-01-21T07:49:33","guid":{"rendered":"https:\/\/www.egemtv.com\/?p=11022"},"modified":"2025-01-21T10:49:35","modified_gmt":"2025-01-21T07:49:35","slug":"izmire-iki-yeni-yuva-daha-geliyor","status":"publish","type":"post","link":"https:\/\/www.egemtv.com\/?p=11022","title":{"rendered":"\u0130zmir\u2019e iki yeni \u2018Yuva\u2019 daha geliyor"},"content":{"rendered":"<p>\u0130zmir B\u00fcy\u00fck\u015fehir Belediyesi, kentin bir\u00e7ok b\u00f6lgesinde faaliyet g\u00f6steren Yuvam\u0131z \u0130zmir \u00c7ocuk Etkinlik Merkezlerinin say\u0131s\u0131n\u0131 20\u2019ye \u00e7\u0131kar\u0131yor. Bayrakl\u0131 ve Yamanlar\u2019da a\u00e7\u0131lacak iki yeni merkez i\u00e7in \u00f6n kay\u0131t ba\u015fvurular\u0131 ba\u015flad\u0131.<br \/>\n<br \/>T\u00fcm \u0130zmirlilere hizmet eden Yuvam\u0131z \u0130zmir \u00c7ocuk Etkinlik Merkezleri, Bayrakl\u0131 ve Yamanlar\u2019da a\u00e7\u0131lacak iki yeni merkezle daha da b\u00fcy\u00fcyecek. Faaliyete ge\u00e7ecek iki yeni merkezle birlikte \u0130zmir B\u00fcy\u00fck\u015fehir Belediyesi i\u015ftiraki \u0130ZELMAN A\u015e b\u00fcnyesindeki Yuvam\u0131z \u0130zmir \u00c7ocuk Etkinlik Merkezleri\u2019nin say\u0131s\u0131 20\u2019ye \u00e7\u0131km\u0131\u015f olacak. Minikleri e\u011flenceli, \u00f6\u011fretici ve ke\u015fif dolu bir d\u00fcnyaya \u00e7a\u011f\u0131ran Yuvam\u0131z \u0130zmir\u2019de \u00f6n kay\u0131t ba\u015fvurular\u0131 da ba\u015flad\u0131. Yuvam\u0131z \u0130zmir Bayrakl\u0131\u2019ya \u00f6n kay\u0131t yapt\u0131rmak i\u00e7in 0539 9737245, Yuvam\u0131z \u0130zmir Yamanlar\u2019a \u00f6n kay\u0131t yapt\u0131rmak i\u00e7in ise 0535 7073336 telefon numaralar\u0131 ile ileti\u015fim sa\u011flanabiliyor. Yuvam\u0131z \u0130zmir Bayrakl\u0131 7398 sokak No:3 Onur Mahallesi adresinde, Yuvam\u0131z \u0130zmir Yamanlar ise 7360 sokak No:18 Onur Mahallesi\u2019nde faaliyete ge\u00e7ecek.<br \/><\/p>\n","protected":false},"excerpt":{"rendered":"<p>\u0130zmir B\u00fcy\u00fck\u015fehir Belediyesi, kentin bir\u00e7ok b\u00f6lgesinde faaliyet g\u00f6steren Yuvam\u0131z \u0130zmir \u00c7ocuk Etkinlik Merkezlerinin say\u0131s\u0131n\u0131 20\u2019ye \u00e7\u0131kar\u0131yor. Bayrakl\u0131 ve Yamanlar\u2019da a\u00e7\u0131lacak iki yeni merkez i\u00e7in \u00f6n kay\u0131t ba\u015fvurular\u0131 ba\u015flad\u0131. T\u00fcm \u0130zmirlilere hizmet eden Yuvam\u0131z \u0130zmir \u00c7ocuk Etkinlik Merkezleri, Bayrakl\u0131 ve Yamanlar\u2019da a\u00e7\u0131lacak iki yeni merkezle daha da b\u00fcy\u00fcyecek. Faaliyete ge\u00e7ecek iki yeni merkezle birlikte \u0130zmir B\u00fcy\u00fck\u015fehir&#8230;<\/p>\n","protected":false},"author":1,"featured_media":11023,"comment_status":"open","ping_status":"open","sticky":false,"template":"","format":"standard","meta":{"_crdt_document":"","footnotes":""},"categories":[1],"tags":[],"class_list":["post-11022","post","type-post","status-publish","format-standard","has-post-thumbnail","hentry","category-guncel"],"_links":{"self":[{"href":"https:\/\/www.egemtv.com\/index.php?rest_route=\/wp\/v2\/posts\/11022","targetHints":{"allow":["GET"]}}],"collection":[{"href":"https:\/\/www.egemtv.com\/index.php?rest_route=\/wp\/v2\/posts"}],"about":[{"href":"https:\/\/www.egemtv.com\/index.php?rest_route=\/wp\/v2\/types\/post"}],"author":[{"embeddable":true,"href":"https:\/\/www.egemtv.com\/index.php?rest_route=\/wp\/v2\/users\/1"}],"replies":[{"embeddable":true,"href":"https:\/\/www.egemtv.com\/index.php?rest_route=%2Fwp%2Fv2%2Fcomments&post=11022"}],"version-history":[{"count":1,"href":"https:\/\/www.egemtv.com\/index.php?rest_route=\/wp\/v2\/posts\/11022\/revisions"}],"predecessor-version":[{"id":11024,"href":"https:\/\/www.egemtv.com\/index.php?rest_route=\/wp\/v2\/posts\/11022\/revisions\/11024"}],"wp:featuredmedia":[{"embeddable":true,"href":"https:\/\/www.egemtv.com\/index.php?rest_route=\/wp\/v2\/media\/11023"}],"wp:attachment":[{"href":"https:\/\/www.egemtv.com\/index.php?rest_route=%2Fwp%2Fv2%2Fmedia&parent=11022"}],"wp:term":[{"taxonomy":"category","embeddable":true,"href":"https:\/\/www.egemtv.com\/index.php?rest_route=%2Fwp%2Fv2%2Fcategories&post=11022"},{"taxonomy":"post_tag","embeddable":true,"href":"https:\/\/www.egemtv.com\/index.php?rest_route=%2Fwp%2Fv2%2Ftags&post=11022"}],"curies":[{"name":"wp","href":"https:\/\/api.w.org\/{rel}","templated":true}]}}