{"id":11019,"date":"2025-01-21T10:46:08","date_gmt":"2025-01-21T07:46:08","guid":{"rendered":"https:\/\/www.egemtv.com\/?p=11019"},"modified":"2025-01-21T10:46:10","modified_gmt":"2025-01-21T07:46:10","slug":"chpli-baskandan-cami-yerleskesinde-fotografli-propaganda","status":"publish","type":"post","link":"https:\/\/www.egemtv.com\/?p=11019","title":{"rendered":"CHP\u2019li ba\u015fkandan cami yerle\u015fkesinde foto\u011frafl\u0131 propaganda"},"content":{"rendered":"<p>CHP\u2019li Afyonkarahisar Belediye Ba\u015fkan\u0131 Burcu K\u00f6ksal\u2019\u0131n se\u00e7im d\u00f6nemi ile farkl\u0131 d\u00f6nemlerde \u00e7ektirdi\u011fi foto\u011fraflar\u0131n\u0131 cami yerle\u015fkesi i\u00e7erisinde bulunan Sultan Divani Mevlevihanesi M\u00fczesi\u2019ne ast\u0131rmas\u0131 tepkilere neden oldu.<br \/>\n<br \/>Ge\u00e7ti\u011fimiz g\u00fcnlerde Mevlevi k\u00fclt\u00fcr\u00fcn\u00fc tan\u0131tmak amac\u0131 ile T\u00fcrbe Cami yerle\u015fkesindeki Sultan Divani Mevlevihanesi M\u00fczesi\u2019ne gidenleri hayrete d\u00fc\u015f\u00fcrecek bir olay ya\u015fand\u0131. Balmumu heykellerin de bulundu\u011fu ve Mevlevi dervi\u015flerin hayatlar\u0131n\u0131 anlatmak amac\u0131yla kurulan m\u00fczede gezenler, Afyonkarahisar Belediye Ba\u015fkan\u0131 Burcu K\u00f6ksal\u2019\u0131n se\u00e7im d\u00f6nemi ile farkl\u0131 d\u00f6nemlerde \u00e7ekilen foto\u011fraflar\u0131n\u0131 g\u00f6r\u00fcnce \u015fa\u015fk\u0131na d\u00f6nd\u00fc. Ziyaret\u00e7iler durumu m\u00fcze yetkililerine bildirerek tepkilerini dile getirdi.<br \/><\/p>\n","protected":false},"excerpt":{"rendered":"<p>CHP\u2019li Afyonkarahisar Belediye Ba\u015fkan\u0131 Burcu K\u00f6ksal\u2019\u0131n se\u00e7im d\u00f6nemi ile farkl\u0131 d\u00f6nemlerde \u00e7ektirdi\u011fi foto\u011fraflar\u0131n\u0131 cami yerle\u015fkesi i\u00e7erisinde bulunan Sultan Divani Mevlevihanesi M\u00fczesi\u2019ne ast\u0131rmas\u0131 tepkilere neden oldu. Ge\u00e7ti\u011fimiz g\u00fcnlerde Mevlevi k\u00fclt\u00fcr\u00fcn\u00fc tan\u0131tmak amac\u0131 ile T\u00fcrbe Cami yerle\u015fkesindeki Sultan Divani Mevlevihanesi M\u00fczesi\u2019ne gidenleri hayrete d\u00fc\u015f\u00fcrecek bir olay ya\u015fand\u0131. Balmumu heykellerin de bulundu\u011fu ve Mevlevi dervi\u015flerin hayatlar\u0131n\u0131 anlatmak amac\u0131yla&#8230;<\/p>\n","protected":false},"author":1,"featured_media":11020,"comment_status":"open","ping_status":"open","sticky":false,"template":"","format":"standard","meta":{"_crdt_document":"","footnotes":""},"categories":[1],"tags":[],"class_list":["post-11019","post","type-post","status-publish","format-standard","has-post-thumbnail","hentry","category-guncel"],"_links":{"self":[{"href":"https:\/\/www.egemtv.com\/index.php?rest_route=\/wp\/v2\/posts\/11019","targetHints":{"allow":["GET"]}}],"collection":[{"href":"https:\/\/www.egemtv.com\/index.php?rest_route=\/wp\/v2\/posts"}],"about":[{"href":"https:\/\/www.egemtv.com\/index.php?rest_route=\/wp\/v2\/types\/post"}],"author":[{"embeddable":true,"href":"https:\/\/www.egemtv.com\/index.php?rest_route=\/wp\/v2\/users\/1"}],"replies":[{"embeddable":true,"href":"https:\/\/www.egemtv.com\/index.php?rest_route=%2Fwp%2Fv2%2Fcomments&post=11019"}],"version-history":[{"count":1,"href":"https:\/\/www.egemtv.com\/index.php?rest_route=\/wp\/v2\/posts\/11019\/revisions"}],"predecessor-version":[{"id":11021,"href":"https:\/\/www.egemtv.com\/index.php?rest_route=\/wp\/v2\/posts\/11019\/revisions\/11021"}],"wp:featuredmedia":[{"embeddable":true,"href":"https:\/\/www.egemtv.com\/index.php?rest_route=\/wp\/v2\/media\/11020"}],"wp:attachment":[{"href":"https:\/\/www.egemtv.com\/index.php?rest_route=%2Fwp%2Fv2%2Fmedia&parent=11019"}],"wp:term":[{"taxonomy":"category","embeddable":true,"href":"https:\/\/www.egemtv.com\/index.php?rest_route=%2Fwp%2Fv2%2Fcategories&post=11019"},{"taxonomy":"post_tag","embeddable":true,"href":"https:\/\/www.egemtv.com\/index.php?rest_route=%2Fwp%2Fv2%2Ftags&post=11019"}],"curies":[{"name":"wp","href":"https:\/\/api.w.org\/{rel}","templated":true}]}}