{"id":11016,"date":"2025-01-21T10:46:06","date_gmt":"2025-01-21T07:46:06","guid":{"rendered":"https:\/\/www.egemtv.com\/?p=11016"},"modified":"2025-01-21T10:46:07","modified_gmt":"2025-01-21T07:46:07","slug":"yonetimin-kaldigi-denizlisporun-yeni-baskani-belli-oldu","status":"publish","type":"post","link":"https:\/\/www.egemtv.com\/?p=11016","title":{"rendered":"Y\u00f6netimin kald\u0131\u011f\u0131 Denizlispor\u2019un yeni ba\u015fkan\u0131 belli oldu"},"content":{"rendered":"<p>Denizlispor Y\u00f6netim Kurulu Ba\u015fkan\u0131 Mehmet U\u011fur Tatar\u2019\u0131n istifas\u0131n\u0131n ard\u0131ndan yap\u0131lan toplant\u0131s\u0131nda yeni y\u00f6netim kurulu ve yol haritas\u0131 belirlendi.<br \/>\n<br \/>9 g\u00fcnl\u00fck Denizlispor Ba\u015fkanl\u0131\u011f\u0131ndan istifas\u0131n\u0131n ard\u0131ndan Denizlispor Y\u00f6netim Kurulu, oy birli\u011fiyle Mehmet U\u011fur Tatar\u2019\u0131n istifas\u0131n\u0131 kabul etti. Y\u00f6netim Kurulu\u2019nun oylar\u0131yla Y\u00f6netim Kurulu Ba\u015fkanl\u0131\u011f\u0131 g\u00f6revine Erhan Ergil\u2019i getirdi. Yeni y\u00f6netim, yedek listeden yap\u0131lan atamalarla birlikte yeniden olu\u015fturuldu. Yeni Denizlispor Y\u00f6netimi \u015fu \u015fekilde;<\/p>\n<p>Y\u00f6netim Kurulu Ba\u015fkan\u0131 Erhan Ergil, Asba\u015fkan ve Hukuk M\u00fc\u015faviri U\u011fur \u015eim\u015fek, Ba\u015fkan Yard\u0131mc\u0131s\u0131 Abdullah \u00c7\u0131t\u0131\u015fl\u0131, Futbol \u015eube Sorumlusu Hakan Kinik, \u0130dari ve Mali i\u015fler ve Tesis  Sorumlusu Fatih Aslan Kazanc\u0131o, Altyap\u0131 Sorumlusu H\u00fcseyin Ald\u0131 Proje Sorumlusu: Baki Eren \u00c7apk\u0131n, Store Sorumlusu Erdin\u00e7 Bay, Bas\u0131n ve Medya Sorumlusu \u00d6zg\u00fcr Tu\u011frul, Kamu ili\u015fkileri Sorumlusu Mustafa Bayam<br \/>\n<br \/>Denizlispor Y\u00f6netim Kurulu 18 \u015eubat 2025 tarihinde Ola\u011fan\u00fcst\u00fc Genel Kurula gidilmesine karar\u0131 ald\u0131. \u00c7o\u011funluk sa\u011flanamamas\u0131 durumunda ikinci toplant\u0131 25 \u015eubat 2025 tarihinde yap\u0131laca\u011f\u0131 belirtildi. B\u00f6ylelikle Denizlispor 1 y\u0131lda 5\u2019inci defa Ola\u011fan\u00fcst\u00fc Genel Kurul Karar\u0131 ald\u0131.<\/p>\n<p>Denizlispor Teknik Direkt\u00f6r\u00fc ile yollar\u0131n\u0131 ay\u0131rd\u0131<br \/>\n<br \/>Denizlispor Y\u00f6netim Kurulu Toplant\u0131s\u0131nda al\u0131nan bir di\u011fer \u00f6nemli karar ise teknik direkt\u00f6r de\u011fi\u015fikli\u011fi oldu. Ali Yal\u00e7\u0131n ve ekibiyle s\u00f6zle\u015fmenin feshedilmesine karar veren y\u00f6netim, yeni teknik direkt\u00f6r aray\u0131\u015flar\u0131na ba\u015flad\u0131. Bu kapsamda K\u00fcr\u015fat Ta\u015f ile m\u00fczakerelerin h\u0131zl\u0131ca ba\u015flanmas\u0131 kararla\u015ft\u0131r\u0131ld\u0131.<br \/><\/p>\n","protected":false},"excerpt":{"rendered":"<p>Denizlispor Y\u00f6netim Kurulu Ba\u015fkan\u0131 Mehmet U\u011fur Tatar\u2019\u0131n istifas\u0131n\u0131n ard\u0131ndan yap\u0131lan toplant\u0131s\u0131nda yeni y\u00f6netim kurulu ve yol haritas\u0131 belirlendi. 9 g\u00fcnl\u00fck Denizlispor Ba\u015fkanl\u0131\u011f\u0131ndan istifas\u0131n\u0131n ard\u0131ndan Denizlispor Y\u00f6netim Kurulu, oy birli\u011fiyle Mehmet U\u011fur Tatar\u2019\u0131n istifas\u0131n\u0131 kabul etti. Y\u00f6netim Kurulu\u2019nun oylar\u0131yla Y\u00f6netim Kurulu Ba\u015fkanl\u0131\u011f\u0131 g\u00f6revine Erhan Ergil\u2019i getirdi. Yeni y\u00f6netim, yedek listeden yap\u0131lan atamalarla birlikte yeniden olu\u015fturuldu. Yeni&#8230;<\/p>\n","protected":false},"author":1,"featured_media":11017,"comment_status":"open","ping_status":"open","sticky":false,"template":"","format":"standard","meta":{"_crdt_document":"","footnotes":""},"categories":[4],"tags":[],"class_list":["post-11016","post","type-post","status-publish","format-standard","has-post-thumbnail","hentry","category-spor"],"_links":{"self":[{"href":"https:\/\/www.egemtv.com\/index.php?rest_route=\/wp\/v2\/posts\/11016","targetHints":{"allow":["GET"]}}],"collection":[{"href":"https:\/\/www.egemtv.com\/index.php?rest_route=\/wp\/v2\/posts"}],"about":[{"href":"https:\/\/www.egemtv.com\/index.php?rest_route=\/wp\/v2\/types\/post"}],"author":[{"embeddable":true,"href":"https:\/\/www.egemtv.com\/index.php?rest_route=\/wp\/v2\/users\/1"}],"replies":[{"embeddable":true,"href":"https:\/\/www.egemtv.com\/index.php?rest_route=%2Fwp%2Fv2%2Fcomments&post=11016"}],"version-history":[{"count":1,"href":"https:\/\/www.egemtv.com\/index.php?rest_route=\/wp\/v2\/posts\/11016\/revisions"}],"predecessor-version":[{"id":11018,"href":"https:\/\/www.egemtv.com\/index.php?rest_route=\/wp\/v2\/posts\/11016\/revisions\/11018"}],"wp:featuredmedia":[{"embeddable":true,"href":"https:\/\/www.egemtv.com\/index.php?rest_route=\/wp\/v2\/media\/11017"}],"wp:attachment":[{"href":"https:\/\/www.egemtv.com\/index.php?rest_route=%2Fwp%2Fv2%2Fmedia&parent=11016"}],"wp:term":[{"taxonomy":"category","embeddable":true,"href":"https:\/\/www.egemtv.com\/index.php?rest_route=%2Fwp%2Fv2%2Fcategories&post=11016"},{"taxonomy":"post_tag","embeddable":true,"href":"https:\/\/www.egemtv.com\/index.php?rest_route=%2Fwp%2Fv2%2Ftags&post=11016"}],"curies":[{"name":"wp","href":"https:\/\/api.w.org\/{rel}","templated":true}]}}