{"id":11004,"date":"2025-01-21T10:40:39","date_gmt":"2025-01-21T07:40:39","guid":{"rendered":"https:\/\/www.egemtv.com\/?p=11004"},"modified":"2025-01-21T10:40:41","modified_gmt":"2025-01-21T07:40:41","slug":"denizlide-turkiye-almanya-danisma-gunleri-duzenlenecek","status":"publish","type":"post","link":"https:\/\/www.egemtv.com\/?p=11004","title":{"rendered":"Denizli\u2019de T\u00fcrkiye &#8211; Almanya Dan\u0131\u015fma G\u00fcnleri d\u00fczenlenecek"},"content":{"rendered":"<p>Sosyal G\u00fcvenlik Kurumu (SGK) Denizli \u0130l M\u00fcd\u00fcrl\u00fc\u011f\u00fc taraf\u0131ndan T\u00fcrkiye-Almanya Sosyal G\u00fcvenlik S\u00f6zle\u015fmesi kapsam\u0131nda her iki \u00fclke vatanda\u015flar\u0131n\u0131n yararlanabilece\u011fi \u201cT\u00fcrkiye \u2013 Almanya Dan\u0131\u015fma G\u00fcnleri\u201d d\u00fczenlenecek.<\/p>\n<p>T\u00fcrk ve Alman vatanda\u015flar\u0131n\u0131 sosyal g\u00fcvenlik haklar\u0131 konusunda bilgilendirmeye y\u00f6nelik olarak Sosyal G\u00fcvenlik Kurumu (SGK) ile Alman Emeklilik Sigortas\u0131 Kurumlar\u0131 aras\u0131nda 11-12-13 \u015eubat 2025 tarihlerinde SGK Denizli Sosyal G\u00fcvenlik \u0130l M\u00fcd\u00fcrl\u00fc\u011f\u00fc hizmet binas\u0131nda \u201cT\u00fcrkiye \u2013 Almanya Dan\u0131\u015fma G\u00fcnleri\u201d d\u00fczenlenecek. Dan\u0131\u015fma g\u00fcnlerinden Denizli, Ayd\u0131n, Burdur, Mu\u011fla ve U\u015fak illerinde ikamet eden T\u00fcrk ve Alman vatanda\u015flar\u0131 ile bu ki\u015filerin aile bireyleri yararlanabilecek.<\/p>\n<p>SGK Denizli \u0130l M\u00fcd\u00fcr\u00fc Abdullah Mersin, konuyla ilgili olarak yapt\u0131\u011f\u0131 a\u00e7\u0131klamada; \u201c01 Kas\u0131m 1965 tarihinde y\u00fcr\u00fcrl\u00fc\u011fe giren T\u00fcrkiye-Almanya Sosyal G\u00fcvenlik S\u00f6zle\u015fmesine g\u00f6re, Almanya\u2019da \u00e7al\u0131\u015fan vatanda\u015flar\u0131m\u0131z ile bu ki\u015filerin aile bireyleri sosyal g\u00fcvenlik haklar\u0131n\u0131 T\u00fcrkiye\u2019de de kullanma hakk\u0131na sahiptir. T\u00fcrk ve Alman vatanda\u015flar\u0131n\u0131 sosyal g\u00fcvenlik haklar\u0131 konusunda bilgilendirmeye y\u00f6nelik olarak \u2018T\u00fcrkiye \u2013 Almanya Dan\u0131\u015fma G\u00fcnleri\u2019 d\u00fczenlenecektir.<br \/>\n<br \/>Dan\u0131\u015fma g\u00fcnlerinden Denizli, Ayd\u0131n, Burdur, Mu\u011fla ve U\u015fak illerinde ikamet eden T\u00fcrk ve Alman vatanda\u015flar\u0131 ile bu ki\u015filerin aile bireyleri yararlanabilecektir. Dan\u0131\u015fma hizmeti T\u00fcrkiye-Almanya Sosyal G\u00fcvenlik S\u00f6zle\u015fmesinin \u00f6ng\u00f6rd\u00fc\u011f\u00fc; ya\u015fl\u0131l\u0131k, malull\u00fck, \u00f6l\u00fcm ve hastal\u0131k halinde sa\u011flanan sosyal g\u00fcvenlik haklar\u0131na ve yurtd\u0131\u015f\u0131nda ge\u00e7en s\u00fcrelerin bor\u00e7lanma yoluyla de\u011ferlendirilmesine ili\u015fkin sorular\u0131n T\u00fcrk ve Alman uzmanlarla birebir yap\u0131lacak g\u00f6r\u00fc\u015fmelerle cevapland\u0131r\u0131lmas\u0131 \u015feklinde ger\u00e7ekle\u015ftirilecektir.  Dan\u0131\u015fma hizmeti \u00fccretsiz olarak T\u00fcrk\u00e7e ve Almanca dillerinde verilecektir. Dan\u0131\u015fma hizmetinden yararlanmak isteyenlerin 0 312 432 12 26 veya 0 312 432 12 29 numaral\u0131 telefonlardan randevu almalar\u0131 ve dan\u0131\u015fma g\u00fcn\u00fcne mutlaka kimlik, T\u00fcrk sigorta sicil numaras\u0131, tahsis numaras\u0131, yabanc\u0131 \u00fclke sosyal g\u00fcvenlik numaras\u0131 \/ sicil numaras\u0131, Almanya\u2019da bulundu\u011fu esnadaki ikamet ve \u00e7al\u0131\u015fma yerlerine ait belgelerle birlikte gelmeleri gerekmektedir\u201d dedi.<br \/><\/p>\n","protected":false},"excerpt":{"rendered":"<p>Sosyal G\u00fcvenlik Kurumu (SGK) Denizli \u0130l M\u00fcd\u00fcrl\u00fc\u011f\u00fc taraf\u0131ndan T\u00fcrkiye-Almanya Sosyal G\u00fcvenlik S\u00f6zle\u015fmesi kapsam\u0131nda her iki \u00fclke vatanda\u015flar\u0131n\u0131n yararlanabilece\u011fi \u201cT\u00fcrkiye \u2013 Almanya Dan\u0131\u015fma G\u00fcnleri\u201d d\u00fczenlenecek. T\u00fcrk ve Alman vatanda\u015flar\u0131n\u0131 sosyal g\u00fcvenlik haklar\u0131 konusunda bilgilendirmeye y\u00f6nelik olarak Sosyal G\u00fcvenlik Kurumu (SGK) ile Alman Emeklilik Sigortas\u0131 Kurumlar\u0131 aras\u0131nda 11-12-13 \u015eubat 2025 tarihlerinde SGK Denizli Sosyal G\u00fcvenlik \u0130l M\u00fcd\u00fcrl\u00fc\u011f\u00fc&#8230;<\/p>\n","protected":false},"author":1,"featured_media":11005,"comment_status":"open","ping_status":"open","sticky":false,"template":"","format":"standard","meta":{"_crdt_document":"","footnotes":""},"categories":[123],"tags":[],"class_list":["post-11004","post","type-post","status-publish","format-standard","has-post-thumbnail","hentry","category-gundem"],"_links":{"self":[{"href":"https:\/\/www.egemtv.com\/index.php?rest_route=\/wp\/v2\/posts\/11004","targetHints":{"allow":["GET"]}}],"collection":[{"href":"https:\/\/www.egemtv.com\/index.php?rest_route=\/wp\/v2\/posts"}],"about":[{"href":"https:\/\/www.egemtv.com\/index.php?rest_route=\/wp\/v2\/types\/post"}],"author":[{"embeddable":true,"href":"https:\/\/www.egemtv.com\/index.php?rest_route=\/wp\/v2\/users\/1"}],"replies":[{"embeddable":true,"href":"https:\/\/www.egemtv.com\/index.php?rest_route=%2Fwp%2Fv2%2Fcomments&post=11004"}],"version-history":[{"count":1,"href":"https:\/\/www.egemtv.com\/index.php?rest_route=\/wp\/v2\/posts\/11004\/revisions"}],"predecessor-version":[{"id":11006,"href":"https:\/\/www.egemtv.com\/index.php?rest_route=\/wp\/v2\/posts\/11004\/revisions\/11006"}],"wp:featuredmedia":[{"embeddable":true,"href":"https:\/\/www.egemtv.com\/index.php?rest_route=\/wp\/v2\/media\/11005"}],"wp:attachment":[{"href":"https:\/\/www.egemtv.com\/index.php?rest_route=%2Fwp%2Fv2%2Fmedia&parent=11004"}],"wp:term":[{"taxonomy":"category","embeddable":true,"href":"https:\/\/www.egemtv.com\/index.php?rest_route=%2Fwp%2Fv2%2Fcategories&post=11004"},{"taxonomy":"post_tag","embeddable":true,"href":"https:\/\/www.egemtv.com\/index.php?rest_route=%2Fwp%2Fv2%2Ftags&post=11004"}],"curies":[{"name":"wp","href":"https:\/\/api.w.org\/{rel}","templated":true}]}}