{"id":11001,"date":"2025-01-21T10:37:09","date_gmt":"2025-01-21T07:37:09","guid":{"rendered":"https:\/\/www.egemtv.com\/?p=11001"},"modified":"2025-01-21T10:37:10","modified_gmt":"2025-01-21T07:37:10","slug":"tavsanli-doga-sporlari-kulubunden-yaylacik-ormanlarina-doga-yuruyusu","status":"publish","type":"post","link":"https:\/\/www.egemtv.com\/?p=11001","title":{"rendered":"Tav\u015fanl\u0131 Do\u011fa Sporlar\u0131 Kul\u00fcb\u00fc\u2019nden Yaylac\u0131k Ormanlar\u0131na do\u011fa y\u00fcr\u00fcy\u00fc\u015f\u00fc"},"content":{"rendered":"<p>K\u00fctahya\u2019n\u0131n Tav\u015fanl\u0131 il\u00e7esinde Do\u011fa Sporlar\u0131 Kul\u00fcb\u00fc, hafta sonu d\u00fczenledi\u011fi y\u00fcr\u00fcy\u00fc\u015f etkinli\u011fiyle do\u011fa severleri bir araya getirdi.<br \/>\n<br \/>Yakla\u015f\u0131k 12 kilometrelik bir parkurda ger\u00e7ekle\u015ftirilen y\u00fcr\u00fcy\u00fc\u015fte, kat\u0131l\u0131mc\u0131lar hem do\u011fan\u0131n tad\u0131n\u0131 \u00e7\u0131kard\u0131, hem de sa\u011fl\u0131kl\u0131 bir aktivite ger\u00e7ekle\u015ftirmenin mutlulu\u011funu ya\u015fad\u0131. Kul\u00fcp Ba\u015fkan\u0131 Yavuz Do\u011fanay, yapt\u0131\u011f\u0131 a\u00e7\u0131klamada, \u201cKul\u00fcb\u00fcm\u00fcz olarak her hafta sonu farkl\u0131 bir rota belirleyerek do\u011fa y\u00fcr\u00fcy\u00fc\u015fleri d\u00fczenliyoruz. Amac\u0131m\u0131z, hem \u00fcyelerimizin hem de do\u011fa severlerin sa\u011fl\u0131kl\u0131 bir ya\u015fam s\u00fcrmelerine katk\u0131 sa\u011flamak. Bu haftaki y\u00fcr\u00fcy\u00fc\u015f\u00fcm\u00fczde de kat\u0131l\u0131mc\u0131lar\u0131m\u0131zla birlikte g\u00fczel bir g\u00fcn ge\u00e7irdik.\u201d dedi.<br \/>\n<br \/>Do\u011fanay, y\u00fcr\u00fcy\u00fc\u015f g\u00fczergahlar\u0131n\u0131 genellikle 10 kilometre ve \u00fczeri mesafelerde belirlediklerini ve hava \u015fartlar\u0131n\u0131n y\u00fcr\u00fcy\u00fc\u015flerine engel olmad\u0131\u011f\u0131n\u0131 belirtti. \u201cHava durumu ne olursa olsun, do\u011fan\u0131n her hali g\u00fczeldir. Ya\u011fmur, kar veya g\u00fcne\u015fli hava, do\u011fada farkl\u0131 deneyimler ya\u015famam\u0131z\u0131 sa\u011flar. Biz de bu farkl\u0131l\u0131klar\u0131 ya\u015famak i\u00e7in do\u011fa y\u00fcr\u00fcy\u00fc\u015flerine \u00e7\u0131k\u0131yoruz.\u201d diye konu\u015ftu.<br \/>\n<br \/>Kul\u00fcp, sosyal medya hesaplar\u0131 \u00fczerinden d\u00fczenledikleri y\u00fcr\u00fcy\u00fc\u015fler hakk\u0131nda duyurular yap\u0131yor. Do\u011fa y\u00fcr\u00fcy\u00fc\u015flerinin sadece fiziksel sa\u011fl\u0131\u011fa de\u011fil, ayn\u0131 zamanda zihinsel sa\u011fl\u0131\u011fa da b\u00fcy\u00fck katk\u0131lar\u0131 oldu\u011funu vurgulayan Do\u011fanay, \u201cDo\u011fada y\u00fcr\u00fcy\u00fc\u015f yapmak, stres atmam\u0131z\u0131, zihnimizi dinlendirmemizi ve i\u00e7 huzur bulmam\u0131z\u0131 sa\u011fl\u0131yor.  \u00c7e\u015fitli alanlardan foto\u011fraflar \u00e7ekerek o g\u00fcn\u00fcn hat\u0131ralar\u0131n\u0131 bir \u015fekilde olu\u015fturuyoruz. Bizimle beraber bu deneyimi ya\u015famak isteyenleri, herhangi bir sa\u011fl\u0131k sorunu olmayanlar\u0131 ve y\u00fcr\u00fcmeyi sevenleri do\u011fa y\u00fcr\u00fc\u015flerimize bekliyoruz.\u201d \u015feklinde konu\u015ftu.<br \/><\/p>\n","protected":false},"excerpt":{"rendered":"<p>K\u00fctahya\u2019n\u0131n Tav\u015fanl\u0131 il\u00e7esinde Do\u011fa Sporlar\u0131 Kul\u00fcb\u00fc, hafta sonu d\u00fczenledi\u011fi y\u00fcr\u00fcy\u00fc\u015f etkinli\u011fiyle do\u011fa severleri bir araya getirdi. Yakla\u015f\u0131k 12 kilometrelik bir parkurda ger\u00e7ekle\u015ftirilen y\u00fcr\u00fcy\u00fc\u015fte, kat\u0131l\u0131mc\u0131lar hem do\u011fan\u0131n tad\u0131n\u0131 \u00e7\u0131kard\u0131, hem de sa\u011fl\u0131kl\u0131 bir aktivite ger\u00e7ekle\u015ftirmenin mutlulu\u011funu ya\u015fad\u0131. Kul\u00fcp Ba\u015fkan\u0131 Yavuz Do\u011fanay, yapt\u0131\u011f\u0131 a\u00e7\u0131klamada, \u201cKul\u00fcb\u00fcm\u00fcz olarak her hafta sonu farkl\u0131 bir rota belirleyerek do\u011fa y\u00fcr\u00fcy\u00fc\u015fleri d\u00fczenliyoruz. Amac\u0131m\u0131z,&#8230;<\/p>\n","protected":false},"author":1,"featured_media":11002,"comment_status":"open","ping_status":"open","sticky":false,"template":"","format":"standard","meta":{"_crdt_document":"","footnotes":""},"categories":[4],"tags":[],"class_list":["post-11001","post","type-post","status-publish","format-standard","has-post-thumbnail","hentry","category-spor"],"_links":{"self":[{"href":"https:\/\/www.egemtv.com\/index.php?rest_route=\/wp\/v2\/posts\/11001","targetHints":{"allow":["GET"]}}],"collection":[{"href":"https:\/\/www.egemtv.com\/index.php?rest_route=\/wp\/v2\/posts"}],"about":[{"href":"https:\/\/www.egemtv.com\/index.php?rest_route=\/wp\/v2\/types\/post"}],"author":[{"embeddable":true,"href":"https:\/\/www.egemtv.com\/index.php?rest_route=\/wp\/v2\/users\/1"}],"replies":[{"embeddable":true,"href":"https:\/\/www.egemtv.com\/index.php?rest_route=%2Fwp%2Fv2%2Fcomments&post=11001"}],"version-history":[{"count":1,"href":"https:\/\/www.egemtv.com\/index.php?rest_route=\/wp\/v2\/posts\/11001\/revisions"}],"predecessor-version":[{"id":11003,"href":"https:\/\/www.egemtv.com\/index.php?rest_route=\/wp\/v2\/posts\/11001\/revisions\/11003"}],"wp:featuredmedia":[{"embeddable":true,"href":"https:\/\/www.egemtv.com\/index.php?rest_route=\/wp\/v2\/media\/11002"}],"wp:attachment":[{"href":"https:\/\/www.egemtv.com\/index.php?rest_route=%2Fwp%2Fv2%2Fmedia&parent=11001"}],"wp:term":[{"taxonomy":"category","embeddable":true,"href":"https:\/\/www.egemtv.com\/index.php?rest_route=%2Fwp%2Fv2%2Fcategories&post=11001"},{"taxonomy":"post_tag","embeddable":true,"href":"https:\/\/www.egemtv.com\/index.php?rest_route=%2Fwp%2Fv2%2Ftags&post=11001"}],"curies":[{"name":"wp","href":"https:\/\/api.w.org\/{rel}","templated":true}]}}