{"id":10998,"date":"2025-01-21T10:37:07","date_gmt":"2025-01-21T07:37:07","guid":{"rendered":"https:\/\/www.egemtv.com\/?p=10998"},"modified":"2025-01-21T10:37:09","modified_gmt":"2025-01-21T07:37:09","slug":"aydin-buyuksehir-belediyesinin-yol-calismasi-vatandaslari-memnun-etti","status":"publish","type":"post","link":"https:\/\/www.egemtv.com\/?p=10998","title":{"rendered":"Ayd\u0131n B\u00fcy\u00fck\u015fehir Belediyesi\u2019nin yol \u00e7al\u0131\u015fmas\u0131 vatanda\u015flar\u0131 memnun etti"},"content":{"rendered":"<p>Ayd\u0131n B\u00fcy\u00fck\u015fehir Belediyesi, Efeler il\u00e7esinin en i\u015flek noktalar\u0131ndan biri olan Cumhuriyet Caddesi\u2019ni ba\u015ftan sona yeniledi. Caddede hayata ge\u00e7irilen \u00e7al\u0131\u015fmalar kapsam\u0131nda s\u0131cak asfalt serimi ger\u00e7ekle\u015ftirildi. Ayr\u0131ca, yol \u00e7izgileri ve yaya ge\u00e7itleri \u00e7izilerek cadde trafik g\u00fcvenli\u011fi a\u00e7\u0131s\u0131ndan da d\u00fczenlenirken, \u00e7al\u0131\u015fmalar vatanda\u015flar\u0131 memnun etti.<\/p>\n<p>Cumhuriyet Caddesi\u2019nde oldu\u011fu gibi yol yenileme \u00e7al\u0131\u015fmalar\u0131n\u0131n kent genelinde s\u00fcrece\u011fini belirten Ayd\u0131n B\u00fcy\u00fck\u015fehir Belediye Ba\u015fkan\u0131 \u00d6zlem \u00c7er\u00e7io\u011flu, \u201cVatanda\u015flar\u0131m\u0131za hizmetlerimizi ula\u015ft\u0131rmak i\u00e7in gece g\u00fcnd\u00fcz demeden \u00e7al\u0131\u015f\u0131yoruz. Cumhuriyet Caddesi\u2019nde yapt\u0131\u011f\u0131m\u0131z d\u00fczenlemelerle hem yaya hem ara\u00e7 trafi\u011fi i\u00e7in daha g\u00fcvenli ve konforlu bir yol olu\u015fturduk. Vatanda\u015flar\u0131m\u0131z\u0131n en iyiyi hak etti\u011fini bilerek projelerimizi hayata ge\u00e7irmeye devam edece\u011fiz\u201d ifadelerini kulland\u0131.<\/p>\n<p>Cumhuriyet Caddesi, yenilenen haliyle vatanda\u015flar\u0131n ve esnaflar\u0131n kullan\u0131m\u0131na sunuldu.<\/p>\n<p>\u201c\u00d6zlem Ba\u015fkan verdi\u011fi s\u00f6zleri bir bir yap\u0131yor\u201d<br \/>\n<br \/>Ba\u015fkan \u00c7er\u00e7io\u011flu\u2019nun \u00e7al\u0131\u015fmalar\u0131 ve yat\u0131r\u0131mlar\u0131 h\u0131zla hayata ge\u00e7irmesinden dolay\u0131 memnuniyet duyduklar\u0131n\u0131 ifade eden Mustafa Dirim, \u201c\u00d6zlem ablam\u0131z\u0131n \u00e7al\u0131\u015fmalar\u0131ndan memnunuz. Sa\u011f olsun ba\u015fkan\u0131m\u0131z. S\u0131k s\u0131k Umurlu-Dalama yoluna da gidiyorum. Ge\u00e7en y\u0131l da oras\u0131 yap\u0131ld\u0131. Kaymak gibi oldu. \u00d6zlem Ba\u015fkan verdi\u011fi s\u00f6zleri bir bir yap\u0131yor.  Kendisinin \u00e7al\u0131\u015fmalar\u0131n\u0131 takdir ediyorum. \u00d6zlem Ba\u015fkan\u0131m\u0131z\u0131n her zaman arkas\u0131nday\u0131z.  Kad\u0131n ba\u015fkan bir tane\u201d dedi.<\/p>\n<p>\u201c\u00c7al\u0131\u015fmalar h\u0131zla tamamland\u0131\u201d<br \/>\n<br \/>6 y\u0131ld\u0131r Cumhuriyet Caddesi\u2019nde \u00fczerinde esnafl\u0131k yapt\u0131\u011f\u0131n\u0131 belirten Adem Y\u0131lmaz, \u201cCaddemiz g\u00fczel oldu. H\u0131zl\u0131 bir \u00e7al\u0131\u015fma ger\u00e7ekle\u015ftirildi. \u00c7ok da g\u00fczel oldu. Tertemiz bir yol. Trafikte g\u00fczel i\u015fliyor. Bu t\u00fcr \u00e7al\u0131\u015fmalar\u0131n devam\u0131n\u0131 diliyoruz. Esnaf\u0131n yan\u0131nda olunmas\u0131 g\u00fczel bir \u015fey. Sokaklar\u0131m\u0131z ne kadar temiz olursa esnaflarda o kadar g\u00fczel hizmetler sunabilir\u201d dedi.<\/p>\n<p>Ula\u015f\u0131m\u0131n \u00e7ok rahatlad\u0131\u011f\u0131n\u0131 kaydeden cadde esnaflar\u0131ndan Arma\u011fan Eken ise \u201cYollarda laka olay\u0131 ortan kalkt\u0131. Gayet temiz bir yol oldu. \u00d6zlem \u00c7er\u00e7io\u011flu ba\u015fkan\u0131m\u0131za te\u015fekk\u00fcr ediyorum\u201d diye konu\u015ftu.<\/p>\n<p>\u201cBiz de bu kadar k\u0131sa s\u00fcrede tamamlanaca\u011f\u0131n\u0131 tahmin etmiyorduk\u201d<br \/>\n<br \/>Cumhuriyet Caddesi\u2019nde ger\u00e7ekle\u015ftirilen \u00e7al\u0131\u015fmalar\u0131n k\u0131sa s\u00fcrede tamamland\u0131\u011f\u0131n\u0131 belirten Leyla \u015eekerci, \u201cBiz de bu kadar k\u0131sa s\u00fcrede olaca\u011f\u0131n\u0131 tahmin etmiyorduk. Te\u015fekk\u00fcr ederiz. Ger\u00e7ekten \u00e7ok iyi oldu. Ses bak\u0131m\u0131ndan da \u00e7ok b\u00fcy\u00fck katk\u0131s\u0131 oldu. \u00c7ok memnunuz. \u00c7ok k\u0131sa s\u00fcrede \u00e7ok g\u00fczel bir \u015fekilde yap\u0131ld\u0131. \u00d6zlem Ba\u015fkan\u0131m\u0131za \u00e7ok te\u015fekk\u00fcr ederiz, her \u015fey i\u00e7in\u201d dedi.<\/p>\n<p>\u201cBurada gece g\u00fcnd\u00fcz \u00e7al\u0131\u015f\u0131ld\u0131\u201d<br \/>\n<br \/>Esnaf olarak Cumhuriyet Caddesi\u2019nin yenilenmesinden dolay\u0131 \u00e7ok mutlu olduklar\u0131n\u0131 ifade eden Birol Erel, \u201cYolumuz yap\u0131ld\u0131. Belediyemize \u00e7ok \u00e7ok te\u015fekk\u00fcr ederiz. Herkesin ellerine sa\u011fl\u0131k. M\u00fckemmel bir \u015fey oldu. Yoldaki lakalar rahats\u0131zl\u0131k veriyordu. \u015eimdi m\u00fckemmel bir yol oldu. Buradaki \u00e7al\u0131\u015fma \u00e7ok isabetli bir karar oldu. Esnaf olarak \u00e7ok memnunuz. \u00d6zlem Ba\u015fkan\u0131 tebrik ediyoruz. Gece g\u00fcnd\u00fcz \u00e7al\u0131\u015f\u0131ld\u0131 bu yolda. Ekipler ger\u00e7ekten harika. Herkes i\u015fini bilerek yapt\u0131. Disiplin i\u00e7inde \u00e7ok d\u00fczg\u00fcn bir i\u015f yap\u0131ld\u0131. Ayd\u0131n B\u00fcy\u00fck\u015fehir Belediyesi\u2019ni tebrik ederim\u201d diye konu\u015ftu.<br \/><\/p>\n","protected":false},"excerpt":{"rendered":"<p>Ayd\u0131n B\u00fcy\u00fck\u015fehir Belediyesi, Efeler il\u00e7esinin en i\u015flek noktalar\u0131ndan biri olan Cumhuriyet Caddesi\u2019ni ba\u015ftan sona yeniledi. Caddede hayata ge\u00e7irilen \u00e7al\u0131\u015fmalar kapsam\u0131nda s\u0131cak asfalt serimi ger\u00e7ekle\u015ftirildi. Ayr\u0131ca, yol \u00e7izgileri ve yaya ge\u00e7itleri \u00e7izilerek cadde trafik g\u00fcvenli\u011fi a\u00e7\u0131s\u0131ndan da d\u00fczenlenirken, \u00e7al\u0131\u015fmalar vatanda\u015flar\u0131 memnun etti. Cumhuriyet Caddesi\u2019nde oldu\u011fu gibi yol yenileme \u00e7al\u0131\u015fmalar\u0131n\u0131n kent genelinde s\u00fcrece\u011fini belirten Ayd\u0131n B\u00fcy\u00fck\u015fehir Belediye&#8230;<\/p>\n","protected":false},"author":1,"featured_media":10999,"comment_status":"open","ping_status":"open","sticky":false,"template":"","format":"standard","meta":{"_crdt_document":"","footnotes":""},"categories":[1],"tags":[],"class_list":["post-10998","post","type-post","status-publish","format-standard","has-post-thumbnail","hentry","category-guncel"],"_links":{"self":[{"href":"https:\/\/www.egemtv.com\/index.php?rest_route=\/wp\/v2\/posts\/10998","targetHints":{"allow":["GET"]}}],"collection":[{"href":"https:\/\/www.egemtv.com\/index.php?rest_route=\/wp\/v2\/posts"}],"about":[{"href":"https:\/\/www.egemtv.com\/index.php?rest_route=\/wp\/v2\/types\/post"}],"author":[{"embeddable":true,"href":"https:\/\/www.egemtv.com\/index.php?rest_route=\/wp\/v2\/users\/1"}],"replies":[{"embeddable":true,"href":"https:\/\/www.egemtv.com\/index.php?rest_route=%2Fwp%2Fv2%2Fcomments&post=10998"}],"version-history":[{"count":1,"href":"https:\/\/www.egemtv.com\/index.php?rest_route=\/wp\/v2\/posts\/10998\/revisions"}],"predecessor-version":[{"id":11000,"href":"https:\/\/www.egemtv.com\/index.php?rest_route=\/wp\/v2\/posts\/10998\/revisions\/11000"}],"wp:featuredmedia":[{"embeddable":true,"href":"https:\/\/www.egemtv.com\/index.php?rest_route=\/wp\/v2\/media\/10999"}],"wp:attachment":[{"href":"https:\/\/www.egemtv.com\/index.php?rest_route=%2Fwp%2Fv2%2Fmedia&parent=10998"}],"wp:term":[{"taxonomy":"category","embeddable":true,"href":"https:\/\/www.egemtv.com\/index.php?rest_route=%2Fwp%2Fv2%2Fcategories&post=10998"},{"taxonomy":"post_tag","embeddable":true,"href":"https:\/\/www.egemtv.com\/index.php?rest_route=%2Fwp%2Fv2%2Ftags&post=10998"}],"curies":[{"name":"wp","href":"https:\/\/api.w.org\/{rel}","templated":true}]}}