{"id":10995,"date":"2025-01-21T10:37:05","date_gmt":"2025-01-21T07:37:05","guid":{"rendered":"https:\/\/www.egemtv.com\/?p=10995"},"modified":"2025-01-21T10:37:07","modified_gmt":"2025-01-21T07:37:07","slug":"rektor-budak-final-sinavlarina-hazirlanan-ogrencilerle-bir-araya-geldi","status":"publish","type":"post","link":"https:\/\/www.egemtv.com\/?p=10995","title":{"rendered":"Rekt\u00f6r Budak, final s\u0131navlar\u0131na haz\u0131rlanan \u00f6\u011frencilerle bir araya geldi"},"content":{"rendered":"<p>Ege \u00dcniversitesi Rekt\u00f6r\u00fc Prof. Dr. Necdet Budak, s\u0131nav d\u00f6nemlerinde 7\/24 ev s\u0131cakl\u0131\u011f\u0131nda hizmet veren Merkez K\u00fct\u00fcphanesinde final s\u0131navlar\u0131na haz\u0131rlanan \u00f6\u011frencileri ziyaret ederek ba\u015far\u0131lar diledi.<br \/>\n<br \/>Ege \u00dcniversitesi Rekt\u00f6r\u00fc Prof. Dr. Necdet Budak, \u201cFinal s\u0131navlar\u0131na haz\u0131rlanan \u00f6\u011frencilerimizi ziyaret ederek moral verdik. S\u0131nav d\u00f6nemlerinde gelenekselle\u015fen k\u00fct\u00fcphanenin aral\u0131ks\u0131z hizmet vermesi uygulamas\u0131 \u00f6\u011frencilerimiz taraf\u0131ndan yo\u011fun ilgi g\u00f6rmeye devam ediyor. Bu ak\u015fam \u00f6\u011frencilerimizi ziyaret ederek heyecanlar\u0131na ortak olduk. \u00d6\u011frenci odakl\u0131l\u0131k ilkemiz do\u011frultusunda, her s\u0131nav d\u00f6neminde y\u00fczde 100 doluluk oran\u0131na ula\u015fan ve 7\/24 hizmet veren Merkez K\u00fct\u00fcphanemizi ziyaret ettik. Final s\u0131navlar\u0131na haz\u0131rlanan \u00f6\u011frencilerimize ba\u015far\u0131lar diliyorum\u201d dedi.<br \/>\n<br \/>Merkez K\u00fct\u00fcphanesini, ulusal ve uluslararas\u0131 geni\u015f kaynak yelpazesi ile  dijital veri tabanlar\u0131 ile donatt\u0131klar\u0131n\u0131  ifade eden Rekt\u00f6r Prof. Dr. Budak, \u201cTam akreditasyona sahip, \u00f6\u011frenci odakl\u0131, milli yenilik \u00f6d\u00fcll\u00fc, sa\u011fl\u0131k temal\u0131 \u00f6nc\u00fc bir  ara\u015ft\u0131rma \u00fcniversitesi olarak e\u011fitimden ara\u015ft\u0131rmaya, k\u00fclt\u00fcr sanattan spora her alanda  \u00f6\u011frencilerimize daha zengin f\u0131rsatlar sunabilmek i\u00e7in \u00e7al\u0131\u015fmalar\u0131m\u0131z\u0131 aral\u0131ks\u0131z s\u00fcrd\u00fcr\u00fcyoruz. Bug\u00fcne kadar yapt\u0131\u011f\u0131m\u0131z yat\u0131r\u0131mlarla, hayata ge\u00e7irdi\u011fimiz projeler neticesinde Merkez K\u00fct\u00fcphanemiz referans bir kaynak \u00fcss\u00fcne d\u00f6n\u00fc\u015ft\u00fc. Bilgiye en h\u0131zl\u0131 ve kolay eri\u015filen bir konuma geldi. Son 7 y\u0131lda veri taban\u0131 say\u0131s\u0131 62\u2019den 141\u2019e, elektronik kaynak say\u0131s\u0131 226 binden 7 milyona, toplam kaynak say\u0131s\u0131 ise 490 binden yakla\u015f\u0131k 8 milyona \u00e7\u0131kt\u0131\u201d diye konu\u015ftu.<br \/>\n<br \/>Rekt\u00f6r Prof. Dr. Budak, \u201c\u00d6\u011frencilerimizin mek\u00e2nsal ihtiya\u00e7lar\u0131na y\u00f6nelik yeni d\u00fczenlemeler yapt\u0131k. S\u0131nav d\u00f6nemlerinde mesai saatlerimizi 7\/24 uygulayarak kesintisiz hizmet vermeye devam ediyoruz. \u0130kramlar\u0131m\u0131zla aile s\u0131cakl\u0131\u011f\u0131nda bir konfor sunmaya \u00e7al\u0131\u015f\u0131yoruz.  \u00dcniversitemizin kalbi olan Merkez K\u00fct\u00fcphanemiz son d\u00fczenlemelerle; 12 bin metrekare kapal\u0131 alan i\u00e7erisinde 2 bin 500 ki\u015filik oturma kapasitesine ula\u015ft\u0131. T\u00fcm \u00e7al\u0131\u015fmalar\u0131m\u0131z neticesinde Merkez K\u00fct\u00fcphanemiz, hem kurum i\u00e7i \u00f6\u011frenci ve akademisyenler i\u00e7in hem de kurum d\u0131\u015f\u0131 kullan\u0131c\u0131lar i\u00e7in sosyal ya\u015fam alan\u0131na d\u00f6n\u00fc\u015ft\u00fc. Gen\u00e7lerimiz yeter ki \u00e7al\u0131\u015fs\u0131n onlara her t\u00fcrl\u00fc kolayl\u0131\u011f\u0131 sa\u011flay\u0131p, deste\u011fimizi s\u00fcrd\u00fcrmeye devam edece\u011fiz\u201d dedi.<br \/><\/p>\n","protected":false},"excerpt":{"rendered":"<p>Ege \u00dcniversitesi Rekt\u00f6r\u00fc Prof. Dr. Necdet Budak, s\u0131nav d\u00f6nemlerinde 7\/24 ev s\u0131cakl\u0131\u011f\u0131nda hizmet veren Merkez K\u00fct\u00fcphanesinde final s\u0131navlar\u0131na haz\u0131rlanan \u00f6\u011frencileri ziyaret ederek ba\u015far\u0131lar diledi. Ege \u00dcniversitesi Rekt\u00f6r\u00fc Prof. Dr. Necdet Budak, \u201cFinal s\u0131navlar\u0131na haz\u0131rlanan \u00f6\u011frencilerimizi ziyaret ederek moral verdik. S\u0131nav d\u00f6nemlerinde gelenekselle\u015fen k\u00fct\u00fcphanenin aral\u0131ks\u0131z hizmet vermesi uygulamas\u0131 \u00f6\u011frencilerimiz taraf\u0131ndan yo\u011fun ilgi g\u00f6rmeye devam ediyor. Bu&#8230;<\/p>\n","protected":false},"author":1,"featured_media":10996,"comment_status":"open","ping_status":"open","sticky":false,"template":"","format":"standard","meta":{"_crdt_document":"","footnotes":""},"categories":[1],"tags":[],"class_list":["post-10995","post","type-post","status-publish","format-standard","has-post-thumbnail","hentry","category-guncel"],"_links":{"self":[{"href":"https:\/\/www.egemtv.com\/index.php?rest_route=\/wp\/v2\/posts\/10995","targetHints":{"allow":["GET"]}}],"collection":[{"href":"https:\/\/www.egemtv.com\/index.php?rest_route=\/wp\/v2\/posts"}],"about":[{"href":"https:\/\/www.egemtv.com\/index.php?rest_route=\/wp\/v2\/types\/post"}],"author":[{"embeddable":true,"href":"https:\/\/www.egemtv.com\/index.php?rest_route=\/wp\/v2\/users\/1"}],"replies":[{"embeddable":true,"href":"https:\/\/www.egemtv.com\/index.php?rest_route=%2Fwp%2Fv2%2Fcomments&post=10995"}],"version-history":[{"count":1,"href":"https:\/\/www.egemtv.com\/index.php?rest_route=\/wp\/v2\/posts\/10995\/revisions"}],"predecessor-version":[{"id":10997,"href":"https:\/\/www.egemtv.com\/index.php?rest_route=\/wp\/v2\/posts\/10995\/revisions\/10997"}],"wp:featuredmedia":[{"embeddable":true,"href":"https:\/\/www.egemtv.com\/index.php?rest_route=\/wp\/v2\/media\/10996"}],"wp:attachment":[{"href":"https:\/\/www.egemtv.com\/index.php?rest_route=%2Fwp%2Fv2%2Fmedia&parent=10995"}],"wp:term":[{"taxonomy":"category","embeddable":true,"href":"https:\/\/www.egemtv.com\/index.php?rest_route=%2Fwp%2Fv2%2Fcategories&post=10995"},{"taxonomy":"post_tag","embeddable":true,"href":"https:\/\/www.egemtv.com\/index.php?rest_route=%2Fwp%2Fv2%2Ftags&post=10995"}],"curies":[{"name":"wp","href":"https:\/\/api.w.org\/{rel}","templated":true}]}}