{"id":10992,"date":"2025-01-21T10:34:26","date_gmt":"2025-01-21T07:34:26","guid":{"rendered":"https:\/\/www.egemtv.com\/?p=10992"},"modified":"2025-01-21T10:34:28","modified_gmt":"2025-01-21T07:34:28","slug":"nazillide-arac-ucuruma-yuvarlandi","status":"publish","type":"post","link":"https:\/\/www.egemtv.com\/?p=10992","title":{"rendered":"Nazilli\u2019de ara\u00e7 u\u00e7uruma yuvarland\u0131"},"content":{"rendered":"<p>Ayd\u0131n\u2019\u0131n Nazilli il\u00e7esinde i\u00e7erisinde zeytin toplamaya giden i\u015f\u00e7ilerin oldu\u011fu ara\u00e7 u\u00e7uruma yuvarland\u0131. Kazada ilk belirlemelere g\u00f6re \u00e7ok say\u0131da ki\u015fi yaraland\u0131.<br \/>\n<br \/>Kaza sabah saatlerinde Bekirler Mahallesi\u2019nde meydana geldi. Edinilen bilgiye g\u00f6re, sabah saatlerinde zeytin toplamaya giden i\u015f\u00e7ileri ta\u015f\u0131yan cip s\u00fcr\u00fcc\u00fcs\u00fcn\u00fcn direksiyon hakimiyetini kaybetmesi \u00fczerine u\u00e7uruma yuvarland\u0131. Kaza ihbar\u0131 \u00fczerine b\u00f6lgeye \u00e7ok say\u0131da ambulans, itfaiye ve jandarma ekipleri sevk edildi. Kazada ilk belirlemelere g\u00f6re \u00e7ok say\u0131da ki\u015finin yaraland\u0131\u011f\u0131 \u00f6\u011frenildi.<br \/><\/p>\n","protected":false},"excerpt":{"rendered":"<p>Ayd\u0131n\u2019\u0131n Nazilli il\u00e7esinde i\u00e7erisinde zeytin toplamaya giden i\u015f\u00e7ilerin oldu\u011fu ara\u00e7 u\u00e7uruma yuvarland\u0131. Kazada ilk belirlemelere g\u00f6re \u00e7ok say\u0131da ki\u015fi yaraland\u0131. Kaza sabah saatlerinde Bekirler Mahallesi\u2019nde meydana geldi. Edinilen bilgiye g\u00f6re, sabah saatlerinde zeytin toplamaya giden i\u015f\u00e7ileri ta\u015f\u0131yan cip s\u00fcr\u00fcc\u00fcs\u00fcn\u00fcn direksiyon hakimiyetini kaybetmesi \u00fczerine u\u00e7uruma yuvarland\u0131. Kaza ihbar\u0131 \u00fczerine b\u00f6lgeye \u00e7ok say\u0131da ambulans, itfaiye ve jandarma&#8230;<\/p>\n","protected":false},"author":1,"featured_media":10993,"comment_status":"open","ping_status":"open","sticky":false,"template":"","format":"standard","meta":{"_crdt_document":"","footnotes":""},"categories":[1],"tags":[],"class_list":["post-10992","post","type-post","status-publish","format-standard","has-post-thumbnail","hentry","category-guncel"],"_links":{"self":[{"href":"https:\/\/www.egemtv.com\/index.php?rest_route=\/wp\/v2\/posts\/10992","targetHints":{"allow":["GET"]}}],"collection":[{"href":"https:\/\/www.egemtv.com\/index.php?rest_route=\/wp\/v2\/posts"}],"about":[{"href":"https:\/\/www.egemtv.com\/index.php?rest_route=\/wp\/v2\/types\/post"}],"author":[{"embeddable":true,"href":"https:\/\/www.egemtv.com\/index.php?rest_route=\/wp\/v2\/users\/1"}],"replies":[{"embeddable":true,"href":"https:\/\/www.egemtv.com\/index.php?rest_route=%2Fwp%2Fv2%2Fcomments&post=10992"}],"version-history":[{"count":1,"href":"https:\/\/www.egemtv.com\/index.php?rest_route=\/wp\/v2\/posts\/10992\/revisions"}],"predecessor-version":[{"id":10994,"href":"https:\/\/www.egemtv.com\/index.php?rest_route=\/wp\/v2\/posts\/10992\/revisions\/10994"}],"wp:featuredmedia":[{"embeddable":true,"href":"https:\/\/www.egemtv.com\/index.php?rest_route=\/wp\/v2\/media\/10993"}],"wp:attachment":[{"href":"https:\/\/www.egemtv.com\/index.php?rest_route=%2Fwp%2Fv2%2Fmedia&parent=10992"}],"wp:term":[{"taxonomy":"category","embeddable":true,"href":"https:\/\/www.egemtv.com\/index.php?rest_route=%2Fwp%2Fv2%2Fcategories&post=10992"},{"taxonomy":"post_tag","embeddable":true,"href":"https:\/\/www.egemtv.com\/index.php?rest_route=%2Fwp%2Fv2%2Ftags&post=10992"}],"curies":[{"name":"wp","href":"https:\/\/api.w.org\/{rel}","templated":true}]}}