{"id":10989,"date":"2025-01-21T10:31:45","date_gmt":"2025-01-21T07:31:45","guid":{"rendered":"https:\/\/www.egemtv.com\/?p=10989"},"modified":"2025-01-21T10:31:47","modified_gmt":"2025-01-21T07:31:47","slug":"medical-point-hastaneler-grubuna-altin-liderler-buyuk-odulu","status":"publish","type":"post","link":"https:\/\/www.egemtv.com\/?p=10989","title":{"rendered":"Medical Point Hastaneler Grubu\u2019na \u2019Alt\u0131n Liderler B\u00fcy\u00fck \u00d6d\u00fcl\u00fc\u2019"},"content":{"rendered":"<p>Medical Point Hastaneler Grubu Y\u00f6netim Kurulu Ba\u015fkan Vekili ve CEO\u2019su Veysi Kubba, \u201c2024 Y\u0131l\u0131n\u0131n En Be\u011fenilen 50 CEO\u2019su\u201d aras\u0131na girerek \u00f6d\u00fcl\u00fcn\u00fc ald\u0131.<br \/>\n<br \/>Alt\u0131n Lider \u00d6d\u00fclleri, bu y\u0131l 13-16 Ocak tarihleri aras\u0131nda d\u00fczenlenen t\u00f6renlerle sahiplerini buldu. T\u00fcrkiye\u2019nin en be\u011fenilen liderleri, i\u015f d\u00fcnyas\u0131n\u0131n payda\u015flar\u0131n\u0131n oylar\u0131yla belirlendi. Bu etkinlikte, Medical Point Hastaneler Grubu \u00f6nemli bir ba\u015far\u0131ya imza att\u0131. Grubun Y\u00f6netim Kurulu Ba\u015fkan Vekili ve CEO\u2019su Veysi Kubba, \u201c2024 Y\u0131l\u0131n\u0131n En Be\u011fenilen 50 CEO\u2019su\u201d aras\u0131na girerek \u00f6d\u00fcl almaya hak kazand\u0131.<\/p>\n<p>&#8220;T\u00fcm ekip arkada\u015flar\u0131m\u0131n eme\u011fi&#8221;<br \/>\n<br \/>Veysi Kubba, duygular\u0131n\u0131 \u015fu s\u00f6zlerle dile getirdi: \u201cBu anlaml\u0131 \u00f6d\u00fcle lay\u0131k g\u00f6r\u00fclmekten gurur duyuyorum. Bu ba\u015far\u0131, Medical Point Hastaneler Grubu\u2019ndaki ekip arkada\u015flar\u0131m\u0131n emekleriyle m\u00fcmk\u00fcn oldu. \u00c7al\u0131\u015fanlar\u0131m\u0131z\u0131n mutlulu\u011funu ve memnuniyetini her zaman \u00f6n planda tutan bir anlay\u0131\u015fla ilerliyoruz. Bu \u00f6d\u00fcl, ekip arkada\u015flar\u0131m\u0131n \u00f6zverili \u00e7al\u0131\u015fmalar\u0131 ve ba\u011fl\u0131l\u0131\u011f\u0131 sayesinde kazan\u0131lm\u0131\u015ft\u0131r.\u201d<br \/><\/p>\n","protected":false},"excerpt":{"rendered":"<p>Medical Point Hastaneler Grubu Y\u00f6netim Kurulu Ba\u015fkan Vekili ve CEO\u2019su Veysi Kubba, \u201c2024 Y\u0131l\u0131n\u0131n En Be\u011fenilen 50 CEO\u2019su\u201d aras\u0131na girerek \u00f6d\u00fcl\u00fcn\u00fc ald\u0131. Alt\u0131n Lider \u00d6d\u00fclleri, bu y\u0131l 13-16 Ocak tarihleri aras\u0131nda d\u00fczenlenen t\u00f6renlerle sahiplerini buldu. T\u00fcrkiye\u2019nin en be\u011fenilen liderleri, i\u015f d\u00fcnyas\u0131n\u0131n payda\u015flar\u0131n\u0131n oylar\u0131yla belirlendi. Bu etkinlikte, Medical Point Hastaneler Grubu \u00f6nemli bir ba\u015far\u0131ya imza att\u0131&#8230;.<\/p>\n","protected":false},"author":1,"featured_media":10990,"comment_status":"open","ping_status":"open","sticky":false,"template":"","format":"standard","meta":{"_crdt_document":"","footnotes":""},"categories":[2],"tags":[],"class_list":["post-10989","post","type-post","status-publish","format-standard","has-post-thumbnail","hentry","category-saglik"],"_links":{"self":[{"href":"https:\/\/www.egemtv.com\/index.php?rest_route=\/wp\/v2\/posts\/10989","targetHints":{"allow":["GET"]}}],"collection":[{"href":"https:\/\/www.egemtv.com\/index.php?rest_route=\/wp\/v2\/posts"}],"about":[{"href":"https:\/\/www.egemtv.com\/index.php?rest_route=\/wp\/v2\/types\/post"}],"author":[{"embeddable":true,"href":"https:\/\/www.egemtv.com\/index.php?rest_route=\/wp\/v2\/users\/1"}],"replies":[{"embeddable":true,"href":"https:\/\/www.egemtv.com\/index.php?rest_route=%2Fwp%2Fv2%2Fcomments&post=10989"}],"version-history":[{"count":1,"href":"https:\/\/www.egemtv.com\/index.php?rest_route=\/wp\/v2\/posts\/10989\/revisions"}],"predecessor-version":[{"id":10991,"href":"https:\/\/www.egemtv.com\/index.php?rest_route=\/wp\/v2\/posts\/10989\/revisions\/10991"}],"wp:featuredmedia":[{"embeddable":true,"href":"https:\/\/www.egemtv.com\/index.php?rest_route=\/wp\/v2\/media\/10990"}],"wp:attachment":[{"href":"https:\/\/www.egemtv.com\/index.php?rest_route=%2Fwp%2Fv2%2Fmedia&parent=10989"}],"wp:term":[{"taxonomy":"category","embeddable":true,"href":"https:\/\/www.egemtv.com\/index.php?rest_route=%2Fwp%2Fv2%2Fcategories&post=10989"},{"taxonomy":"post_tag","embeddable":true,"href":"https:\/\/www.egemtv.com\/index.php?rest_route=%2Fwp%2Fv2%2Ftags&post=10989"}],"curies":[{"name":"wp","href":"https:\/\/api.w.org\/{rel}","templated":true}]}}