{"id":10944,"date":"2025-01-21T09:26:05","date_gmt":"2025-01-21T06:26:05","guid":{"rendered":"https:\/\/www.egemtv.com\/?p=10944"},"modified":"2025-01-21T09:26:07","modified_gmt":"2025-01-21T06:26:07","slug":"baskan-gunel-sogucak-ve-caferlide-hemsehrileriyle-bulustu","status":"publish","type":"post","link":"https:\/\/www.egemtv.com\/?p=10944","title":{"rendered":"Ba\u015fkan G\u00fcnel, So\u011fucak ve Caferli\u2019de hem\u015fehrileriyle bulu\u015ftu"},"content":{"rendered":"<p>Mobil Ofis Hizmet Arac\u0131 ile yapt\u0131\u011f\u0131 ziyaretleri s\u00fcrd\u00fcren Ku\u015fadas\u0131 Belediye Ba\u015fkan\u0131 \u00d6mer G\u00fcnel\u2019in son dura\u011f\u0131 So\u011fucak ve Caferli mahalleleri oldu. Her iki mahallede de hem\u015fehrilerinin ilgi ve sevgisiyle kar\u015f\u0131lanan Ba\u015fkan \u00d6mer G\u00fcnel, ilk d\u00f6neminde oldu\u011fu gibi ikinci d\u00f6neminde de t\u00fcm mahallelere e\u015fit ve kaliteli hizmet g\u00f6t\u00fcrmek i\u00e7in \u00e7al\u0131\u015ft\u0131klar\u0131n\u0131 s\u00f6yledi.<\/p>\n<p>Ku\u015fadas\u0131\u2019n\u0131n farkl\u0131 b\u00f6lgelerinde hem\u015fehrileri ile bulu\u015fmay\u0131 s\u00fcrd\u00fcren Belediye Ba\u015fkan\u0131 \u00d6mer G\u00fcnel, ilk olarak So\u011fucak Mahallesi\u2019ni ziyaret etti. Ziyarete CHP Ku\u015fadas\u0131 \u0130l\u00e7e \u00d6rg\u00fct\u00fc y\u00f6neticileri, belediye meclis \u00fcyeleri ve So\u011fucak Mahallesi Muhtar\u0131 Reyhan Yanan da e\u015flik etti. Mahalle sakinleri taraf\u0131ndan s\u0131cak bir \u015fekilde kar\u015f\u0131lanan Ba\u015fkan \u00d6mer G\u00fcnel, meydanda bulunan k\u00f6y kahvesinde hem\u015fehrileriyle bir araya geldi. Ziyarette Ba\u015fkan \u00d6mer G\u00fcnel, b\u00f6lge sakinlerine 5 y\u0131lda Ku\u015fadas\u0131\u2019nda ger\u00e7ekle\u015ftirdikleri alt ve \u00fcstyap\u0131 yat\u0131r\u0131mlar\u0131 hakk\u0131nda bilgi aktard\u0131.<\/p>\n<p>So\u011fucak\u2019\u0131n n\u00fcfusu h\u0131zla artan b\u00f6lgelerin ba\u015f\u0131nda geldi\u011fini ifade eden Ba\u015fkan \u00d6mer G\u00fcnel \u201c\u0130lk be\u015f y\u0131l\u0131m\u0131zda So\u011fucak\u2019a 36 milyon 375 bin TL yat\u0131r\u0131mla yakla\u015f\u0131k 14 kilometre yeni yol kazand\u0131rd\u0131k. Yol yap\u0131m \u00e7al\u0131\u015fmalar\u0131m\u0131z \u00f6n\u00fcm\u00fczdeki s\u00fcre\u00e7te de yapt\u0131\u011f\u0131m\u0131z planlama d\u00e2hilinde devam edecek. So\u011fucak alt ve \u00fcstyap\u0131s\u0131yla kentimize yak\u0131\u015f\u0131r bir geli\u015fim g\u00f6sterecek\u201d dedi. Sokak hayvanlar\u0131na g\u00f6sterilen \u00f6zen ve hassasiyet nedeniyle Ba\u015fkan \u00d6mer G\u00fcnel\u2019e te\u015fekk\u00fcr eden So\u011fucak Mahallesi sakinleri, Ba\u015fkan \u00d6mer G\u00fcnel\u2019den bir de Arya A\u015e. taraf\u0131ndan i\u015fletilecek bir kafeterya talebinde bulundu.<\/p>\n<p>Caferli\u2019ye yenileme m\u00fcjdesi<br \/>\n<br \/>Ba\u015fkan \u00d6mer G\u00fcnel\u2019in So\u011fucak\u2019tan sonraki dura\u011f\u0131 Caferli Mahallesi oldu. Caferli Mahallesi Muhtar\u0131 \u0130smail Ar\u0131\u2019n\u0131n da kat\u0131ld\u0131\u011f\u0131 ziyarette Ba\u015fkan \u00d6mer G\u00fcnel vatanda\u015flarla k\u00f6y kahvesinde oturup sohbet etti. Caferli\u2019nin kendileri i\u00e7in \u00e7ok \u00f6nemli oldu\u011funu belirten Ba\u015fkan \u00d6mer G\u00fcnel, k\u0131sa s\u00fcre i\u00e7erisinde mahalle muhtarl\u0131\u011f\u0131 ile k\u00f6y kahvesinin bulundu\u011fu binay\u0131 b\u00f6lgenin do\u011fal ve yerel dokusuna uygun olarak yenileyeceklerinin m\u00fcjdesini verdi.<br \/><\/p>\n","protected":false},"excerpt":{"rendered":"<p>Mobil Ofis Hizmet Arac\u0131 ile yapt\u0131\u011f\u0131 ziyaretleri s\u00fcrd\u00fcren Ku\u015fadas\u0131 Belediye Ba\u015fkan\u0131 \u00d6mer G\u00fcnel\u2019in son dura\u011f\u0131 So\u011fucak ve Caferli mahalleleri oldu. Her iki mahallede de hem\u015fehrilerinin ilgi ve sevgisiyle kar\u015f\u0131lanan Ba\u015fkan \u00d6mer G\u00fcnel, ilk d\u00f6neminde oldu\u011fu gibi ikinci d\u00f6neminde de t\u00fcm mahallelere e\u015fit ve kaliteli hizmet g\u00f6t\u00fcrmek i\u00e7in \u00e7al\u0131\u015ft\u0131klar\u0131n\u0131 s\u00f6yledi. Ku\u015fadas\u0131\u2019n\u0131n farkl\u0131 b\u00f6lgelerinde hem\u015fehrileri ile bulu\u015fmay\u0131&#8230;<\/p>\n","protected":false},"author":1,"featured_media":10945,"comment_status":"open","ping_status":"open","sticky":false,"template":"","format":"standard","meta":{"_crdt_document":"","footnotes":""},"categories":[127],"tags":[],"class_list":["post-10944","post","type-post","status-publish","format-standard","has-post-thumbnail","hentry","category-siyaset"],"_links":{"self":[{"href":"https:\/\/www.egemtv.com\/index.php?rest_route=\/wp\/v2\/posts\/10944","targetHints":{"allow":["GET"]}}],"collection":[{"href":"https:\/\/www.egemtv.com\/index.php?rest_route=\/wp\/v2\/posts"}],"about":[{"href":"https:\/\/www.egemtv.com\/index.php?rest_route=\/wp\/v2\/types\/post"}],"author":[{"embeddable":true,"href":"https:\/\/www.egemtv.com\/index.php?rest_route=\/wp\/v2\/users\/1"}],"replies":[{"embeddable":true,"href":"https:\/\/www.egemtv.com\/index.php?rest_route=%2Fwp%2Fv2%2Fcomments&post=10944"}],"version-history":[{"count":1,"href":"https:\/\/www.egemtv.com\/index.php?rest_route=\/wp\/v2\/posts\/10944\/revisions"}],"predecessor-version":[{"id":10946,"href":"https:\/\/www.egemtv.com\/index.php?rest_route=\/wp\/v2\/posts\/10944\/revisions\/10946"}],"wp:featuredmedia":[{"embeddable":true,"href":"https:\/\/www.egemtv.com\/index.php?rest_route=\/wp\/v2\/media\/10945"}],"wp:attachment":[{"href":"https:\/\/www.egemtv.com\/index.php?rest_route=%2Fwp%2Fv2%2Fmedia&parent=10944"}],"wp:term":[{"taxonomy":"category","embeddable":true,"href":"https:\/\/www.egemtv.com\/index.php?rest_route=%2Fwp%2Fv2%2Fcategories&post=10944"},{"taxonomy":"post_tag","embeddable":true,"href":"https:\/\/www.egemtv.com\/index.php?rest_route=%2Fwp%2Fv2%2Ftags&post=10944"}],"curies":[{"name":"wp","href":"https:\/\/api.w.org\/{rel}","templated":true}]}}