{"id":10941,"date":"2025-01-21T09:00:57","date_gmt":"2025-01-21T06:00:57","guid":{"rendered":"https:\/\/www.egemtv.com\/?p=10941"},"modified":"2025-01-21T09:00:59","modified_gmt":"2025-01-21T06:00:59","slug":"ogrenciler-huzurevi-sakinleri-icin-resim-yapti","status":"publish","type":"post","link":"https:\/\/www.egemtv.com\/?p=10941","title":{"rendered":"\u00d6\u011frenciler huzurevi sakinleri i\u00e7in resim yapt\u0131"},"content":{"rendered":"<p>T\u00fcrkiye Odalar ve Borsalar Birli\u011fi Ortaokulu \u00f6\u011frencileri, huzurevi sakinleri i\u00e7in iki saat boyunca akrilik boya ile resim yapt\u0131lar. Etkinlik sonunda \u00f6\u011frenciler yapt\u0131klar\u0131 resimleri huzurevi sakinlerine hediye etti.<\/p>\n<p>Denizli\u2019de T\u00fcrkiye Odalar ve Borsalar Birli\u011fi Ortaokulu \u00f6\u011frencileri \u2018Gelece\u011fin Becerikli Vatanda\u015flar\u0131\u2019 adl\u0131 e-Twinning projesi kapsam\u0131nda Pamukkale de \u0130l\u00e7esinde bulunan Huzurevini ziyaret ederek b\u00fcy\u00fckleri i\u00e7in resim yapt\u0131lar. T\u00fcrkiye Odalar ve Borsalar Birli\u011fi Ortaokulu M\u00fcd\u00fcr Yard\u0131mc\u0131s\u0131 B\u00fcnyamin \u015eahban ve G\u00f6rsel Sanatlar \u00d6\u011fretmeni Huriye Kulakl\u0131 rehberli\u011finde ger\u00e7ekle\u015ftirilen projede, 15 \u00f6\u011frenci iki saat boyunca akrilik boya kullanarak tuvale do\u011fa ve hayvan temal\u0131 resimler \u00e7izdi. Huzurevi sakinleri de resim yapan \u00f6\u011frencileri b\u00fcy\u00fck ilgiyle izledi. Etkinlik sonunda yap\u0131lan resimler \u00f6\u011frenciler taraf\u0131ndan huzurevi sakinlerine hediye edildi. Projenin ikinci aya\u011f\u0131 olarak huzurevinde kalan ya\u015fl\u0131lar T\u00fcrkiye Odalar ve Borsalar Birli\u011fi Ortaokulunu ziyaret edecek.<\/p>\n<p>Aral\u0131k ay\u0131nda ba\u015flayan e-Twinning projesinin Nisan ay\u0131nda sona erece\u011fini anlatan T\u00fcrkiye Odalar ve Borsalar Birli\u011fi Ortaokulu M\u00fcd\u00fcr Yard\u0131mc\u0131s\u0131 B\u00fcnyamin \u015eahban; \u201cDevam eden projemizi ve etkinliklerimizi duyurmak i\u00e7in proje logosunun bulundu\u011fu flamalar\u0131m\u0131z Pamukkale\u2019de s\u0131cak hava balonlar\u0131 ve yama\u00e7 para\u015f\u00fct\u00fc pilotlar\u0131 taraf\u0131ndan a\u00e7\u0131ld\u0131. Yerli ve yabanc\u0131 milyonlarca turisti a\u011f\u0131rlayan Denizli\u2019nin ve T\u00fcrkiye\u2019nin en \u00f6nemli turizm b\u00f6lgesinde de projenin duyurulmas\u0131 \u00e7al\u0131\u015fmas\u0131n\u0131 da ger\u00e7ekle\u015ftirdik. \u00d6\u011frencilerimiz ayn\u0131 zamanda Pamukkale b\u00f6lgesinde \u00e7evre temizli\u011fi yapt\u0131. Sokak hayvanlar\u0131na mama da\u011f\u0131t\u0131m\u0131n\u0131 ger\u00e7ekle\u015ftirdik. Sonra da huzurevi sakinleri i\u00e7in resim yapma etkinli\u011fimizi hayata ge\u00e7irdik. Bu proje bizler ve \u00f6\u011frencilerimiz i\u00e7in \u00e7ok \u00f6nemli. \u00d6\u011frencilerimizin el becerilerinin geli\u015fmesinin yan\u0131nda ya\u015fl\u0131lara sayg\u0131y\u0131 da \u00f6\u011frenmi\u015f oluyorlar. Huzurevi sakinlerimizle farkl\u0131 bir projede bulu\u015ftu\u011fumuz i\u00e7inde \u00e7ok mutluyuz. En s\u0131ka s\u00fcrede onlar\u0131 da okulumuzda misafir edece\u011fiz\u201d dedi.<br \/><\/p>\n","protected":false},"excerpt":{"rendered":"<p>T\u00fcrkiye Odalar ve Borsalar Birli\u011fi Ortaokulu \u00f6\u011frencileri, huzurevi sakinleri i\u00e7in iki saat boyunca akrilik boya ile resim yapt\u0131lar. Etkinlik sonunda \u00f6\u011frenciler yapt\u0131klar\u0131 resimleri huzurevi sakinlerine hediye etti. Denizli\u2019de T\u00fcrkiye Odalar ve Borsalar Birli\u011fi Ortaokulu \u00f6\u011frencileri \u2018Gelece\u011fin Becerikli Vatanda\u015flar\u0131\u2019 adl\u0131 e-Twinning projesi kapsam\u0131nda Pamukkale de \u0130l\u00e7esinde bulunan Huzurevini ziyaret ederek b\u00fcy\u00fckleri i\u00e7in resim yapt\u0131lar. T\u00fcrkiye Odalar&#8230;<\/p>\n","protected":false},"author":1,"featured_media":10942,"comment_status":"open","ping_status":"open","sticky":false,"template":"","format":"standard","meta":{"_crdt_document":"","footnotes":""},"categories":[1],"tags":[],"class_list":["post-10941","post","type-post","status-publish","format-standard","has-post-thumbnail","hentry","category-guncel"],"_links":{"self":[{"href":"https:\/\/www.egemtv.com\/index.php?rest_route=\/wp\/v2\/posts\/10941","targetHints":{"allow":["GET"]}}],"collection":[{"href":"https:\/\/www.egemtv.com\/index.php?rest_route=\/wp\/v2\/posts"}],"about":[{"href":"https:\/\/www.egemtv.com\/index.php?rest_route=\/wp\/v2\/types\/post"}],"author":[{"embeddable":true,"href":"https:\/\/www.egemtv.com\/index.php?rest_route=\/wp\/v2\/users\/1"}],"replies":[{"embeddable":true,"href":"https:\/\/www.egemtv.com\/index.php?rest_route=%2Fwp%2Fv2%2Fcomments&post=10941"}],"version-history":[{"count":1,"href":"https:\/\/www.egemtv.com\/index.php?rest_route=\/wp\/v2\/posts\/10941\/revisions"}],"predecessor-version":[{"id":10943,"href":"https:\/\/www.egemtv.com\/index.php?rest_route=\/wp\/v2\/posts\/10941\/revisions\/10943"}],"wp:featuredmedia":[{"embeddable":true,"href":"https:\/\/www.egemtv.com\/index.php?rest_route=\/wp\/v2\/media\/10942"}],"wp:attachment":[{"href":"https:\/\/www.egemtv.com\/index.php?rest_route=%2Fwp%2Fv2%2Fmedia&parent=10941"}],"wp:term":[{"taxonomy":"category","embeddable":true,"href":"https:\/\/www.egemtv.com\/index.php?rest_route=%2Fwp%2Fv2%2Fcategories&post=10941"},{"taxonomy":"post_tag","embeddable":true,"href":"https:\/\/www.egemtv.com\/index.php?rest_route=%2Fwp%2Fv2%2Ftags&post=10941"}],"curies":[{"name":"wp","href":"https:\/\/api.w.org\/{rel}","templated":true}]}}