{"id":10938,"date":"2025-01-21T08:45:52","date_gmt":"2025-01-21T05:45:52","guid":{"rendered":"https:\/\/www.egemtv.com\/?p=10938"},"modified":"2025-01-21T08:45:54","modified_gmt":"2025-01-21T05:45:54","slug":"dis-hekimi-akkolun-denizliden-ingiltereye-uzanan-basari-hikayesi","status":"publish","type":"post","link":"https:\/\/www.egemtv.com\/?p=10938","title":{"rendered":"Di\u015f Hekimi Akkol\u2019un Denizli\u2019den \u0130ngiltere\u2019ye uzanan ba\u015far\u0131 hikayesi"},"content":{"rendered":"<p>Di\u015f Hekimi T\u00fclay Akkol\u2019un Denizli\u2019de k\u00fc\u00e7\u00fck bir di\u015f muayenehanesi ile ba\u015flayan hayali, bug\u00fcn d\u00fcnya sa\u011fl\u0131k turizminde \u00f6ne \u00e7\u0131kan bir ba\u015far\u0131 hikayesine d\u00f6n\u00fc\u015ft\u00fc. Denizli\u2019nin ard\u0131ndan Antalya\u2019da kurdu\u011fu modern di\u015f sa\u011fl\u0131\u011f\u0131 merkezleriyle b\u00f6lge halk\u0131 ve d\u00fcnyan\u0131n d\u00f6rt bir yan\u0131ndan gelen insanlara sa\u011fl\u0131k hizmeti sunan Akkol, ad\u0131n\u0131 uluslararas\u0131 arenada duyurmay\u0131 ba\u015fard\u0131. Yo\u011fun talep nedeniyle \u0130ngiltere\u2019ye de klinik a\u00e7ma s\u00fcrecinde olan Akkol, T\u00fcrkiye\u2019nin sa\u011fl\u0131k turizminde y\u00fckseli\u015finin de g\u00fc\u00e7l\u00fc bir \u00f6rne\u011fi oldu.<\/p>\n<p>T\u00fclay Akkol, meslek hayat\u0131na Denizli\u2019de, m\u00fctevaz\u0131 bir di\u015f muayenehanesi ile ba\u015flad\u0131. Akkol\u2019un odak noktas\u0131, yaln\u0131zca tedavi sunmak de\u011fil, insanlar\u0131n ya\u015fam kalitesine dokunmakt\u0131. Bu anlay\u0131\u015f, k\u0131sa s\u00fcrede onu b\u00f6lgenin sevilen ve b\u00fcy\u00fck ilgi g\u00f6ren bir sa\u011fl\u0131k hizmeti sa\u011flay\u0131c\u0131s\u0131 haline getirdi. Ancak onun hikayesi burada durmad\u0131. Denizli\u2019de yo\u011fun talep nedeniyle k\u0131sa s\u00fcrede b\u00fcy\u00fck bir di\u015f sa\u011fl\u0131\u011f\u0131 merkezine d\u00f6n\u00fc\u015fen Akkol, kazand\u0131\u011f\u0131 ba\u015far\u0131y\u0131 Antalya\u2019da kurdu\u011fu modern di\u015f sa\u011fl\u0131\u011f\u0131 merkezine ta\u015f\u0131d\u0131. Burada sadece b\u00f6lge halk\u0131na de\u011fil, sa\u011fl\u0131k turizmi kapsam\u0131nda, Avrupa, Amerika, Ortado\u011fu ve Arap \u00fclkeleri ba\u015fta olmak \u00fczere d\u00fcnyan\u0131n d\u00f6rt bir yan\u0131ndan gelen hastalara da hizmet vermeye ba\u015flad\u0131.<\/p>\n<p>\u0130ngiltere\u2019de Klinik A\u00e7\u0131yor<br \/>\n<br \/>Sa\u011fl\u0131k turizmine olan talep her ge\u00e7en g\u00fcn artarken, T\u00fclay Akkol T\u00fcrkiye\u2019nin bu alandaki potansiyelini en iyi \u015fekilde de\u011ferlendiren isimlerden biri oldu. Antalya\u2019da ba\u015flayan uluslararas\u0131 ba\u015far\u0131s\u0131 sonras\u0131, yo\u011fun istek ve talep do\u011frultusunda hedefini \u0130ngiltere\u2019ye y\u00f6neltti. B\u00fcy\u00fck bir giri\u015fimcilik \u00f6rne\u011fi sergileyen Akkol, \u0130ngiltere\u2019de b\u00fcy\u00fck k\u0131sm\u0131 tamamlanan ve a\u00e7\u0131l\u0131\u015f\u0131 i\u00e7in g\u00fcn say\u0131lan Di\u015f Sa\u011fl\u0131\u011f\u0131 Klini\u011fi ile r\u00fcyas\u0131n\u0131 ta\u00e7land\u0131rd\u0131. Bug\u00fcn Akkol, Denizli ve Antalya\u2019daki merkezlerinde hasta kabul etmeye devam ederken, \u0130ngiltere\u2019de de T\u00fcrkiye\u2019nin sa\u011fl\u0131k turizmi bayra\u011f\u0131n\u0131 gururla ta\u015f\u0131maya haz\u0131rlan\u0131yor.<\/p>\n<p>\u201cHer G\u00fcl\u00fc\u015f, Bir Hayalin Ger\u00e7ekle\u015fmesidir\u201d<br \/>\n<br \/>Bir hayalin pe\u015finden y\u0131lmadan, azimle gitti\u011fini belirten Akkol, \u201cDenizli\u2019deki ilk klini\u011fimi a\u00e7arken bir hayalim vard\u0131: \u0130nsanlar\u0131n sadece sa\u011fl\u0131klar\u0131n\u0131 de\u011fil, hayatlar\u0131n\u0131 da de\u011fi\u015ftirecek bir hizmet sunmak. Bu k\u00fc\u00e7\u00fck ad\u0131mla ba\u015flayan yolculuk, benim ve ekibimin inanc\u0131 sayesinde \u00f6nce Antalya\u2019ya, ard\u0131ndan \u0130ngiltere\u2019ye kadar uzand\u0131. Her sa\u011fl\u0131kl\u0131 g\u00fcl\u00fc\u015fte bir umut g\u00f6r\u00fcyorum. Bu, bir hastan\u0131n \u00f6zg\u00fcvenini geri kazanmas\u0131, ya\u015fam kalitesinin artmas\u0131 ve mutlulu\u011funa \u015fahit olmak demek. \u0130nsanlar\u0131n bana g\u00fcvenip farkl\u0131 \u00fclkelerden T\u00fcrkiye\u2019ye gelmesi, o hayalimin ger\u00e7ek oldu\u011funu bana her g\u00fcn yeniden hissettiriyor\u201d dedi.<\/p>\n<p>\u201cSa\u011fl\u0131k Turizmi; T\u00fcrkiye\u2019nin G\u00fc\u00e7l\u00fc Gelece\u011fi\u201d<br \/>\n<br \/>T\u00fcrkiye\u2019nin, son y\u0131llarda sa\u011fl\u0131k turizmi alan\u0131nda b\u00fcy\u00fck bir ilerleme ger\u00e7ekle\u015ftirdi\u011fini vurgulayan Akkol, y\u00fcksek kaliteli hizmetlerin uygun maliyetlerle sunulmas\u0131, T\u00fcrkiye\u2019yi d\u00fcnya \u00e7ap\u0131nda bir sa\u011fl\u0131k merkezi haline d\u00f6n\u00fc\u015ft\u00fcrd\u00fc\u011f\u00fcn\u00fc s\u00f6yledi. \u0130\u015f insan\u0131 ve Di\u015f Hekimi T\u00fclay Akkol, bu ba\u015far\u0131n\u0131n bir par\u00e7as\u0131 olmaktan gurur duydu\u011funu belirterek \u015funlar\u0131 s\u00f6yledi, \u201cSa\u011fl\u0131k turizmi, yaln\u0131zca ekonomik bir f\u0131rsat de\u011fil, ayn\u0131 zamanda uluslararas\u0131 ili\u015fkiler ve insan hayat\u0131na dokunmak a\u00e7\u0131s\u0131ndan \u00e7ok k\u0131ymetli bir alan. Antalya\u2019daki merkezimizde, d\u00fcnyan\u0131n d\u00f6rt bir yan\u0131ndan hastalar\u0131 a\u011f\u0131rl\u0131yoruz. \u0130ngiltere\u2019deki klini\u011fimizle de T\u00fcrk sa\u011fl\u0131k sekt\u00f6r\u00fcn\u00fcn standartlar\u0131n\u0131 Avrupa\u2019ya ta\u015f\u0131yoruz. Ancak Denizli ve Antalya benim k\u00f6klerim. Bug\u00fcn h\u00e2l\u00e2 buralarda aktif olarak hasta kabul ediyor ve bu topraklardan g\u00fc\u00e7 alarak b\u00fcy\u00fcmeye devam ediyorum.\u201d<\/p>\n<p>\u201cAmac\u0131m\u0131z insanlar\u0131n hayat\u0131na dokunmak\u201d<br \/>\n<br \/>T\u00fclay Akkol, merkezlerinin yaln\u0131zca tedavi sunmakla kalmad\u0131\u011f\u0131n\u0131, insanlar\u0131n hayat\u0131na dokunmay\u0131 misyon edinmi\u015f bir yakla\u015f\u0131mla hareket etti\u011fini belirterek, \u201cYenilik\u00e7i teknolojilerle donat\u0131lm\u0131\u015f merkezlerimizde, hastalar\u0131m\u0131z i\u00e7in sa\u011fl\u0131kl\u0131 g\u00fcl\u00fc\u015flerin birer mutluluk kayna\u011f\u0131 oldu\u011fu bilinciyle hizmet sunuyoruz. Bizim i\u00e7in her bireyin sa\u011fl\u0131kl\u0131 bir g\u00fcl\u00fc\u015fe eri\u015fim hakk\u0131 var. Hastalar\u0131m\u0131z kadar \u00e7al\u0131\u015fanlar\u0131m\u0131z\u0131n da mutlulu\u011funu \u00f6nceliyoruz. Her ge\u00e7en g\u00fcn daha fazla insana ula\u015farak, a\u011f\u0131z ve di\u015f sa\u011fl\u0131\u011f\u0131 alan\u0131nda s\u00fcrd\u00fcr\u00fclebilir bir sistem kurmay\u0131 hedefliyoruz. Sa\u011fl\u0131k, bir ya\u015fam kalitesi unsuru; bu y\u00fczden her bir tedaviyi insan hayat\u0131n\u0131 de\u011fi\u015ftirecek bir dokunu\u015f olarak g\u00f6r\u00fcyoruz\u201d dedi.<br \/><\/p>\n","protected":false},"excerpt":{"rendered":"<p>Di\u015f Hekimi T\u00fclay Akkol\u2019un Denizli\u2019de k\u00fc\u00e7\u00fck bir di\u015f muayenehanesi ile ba\u015flayan hayali, bug\u00fcn d\u00fcnya sa\u011fl\u0131k turizminde \u00f6ne \u00e7\u0131kan bir ba\u015far\u0131 hikayesine d\u00f6n\u00fc\u015ft\u00fc. Denizli\u2019nin ard\u0131ndan Antalya\u2019da kurdu\u011fu modern di\u015f sa\u011fl\u0131\u011f\u0131 merkezleriyle b\u00f6lge halk\u0131 ve d\u00fcnyan\u0131n d\u00f6rt bir yan\u0131ndan gelen insanlara sa\u011fl\u0131k hizmeti sunan Akkol, ad\u0131n\u0131 uluslararas\u0131 arenada duyurmay\u0131 ba\u015fard\u0131. Yo\u011fun talep nedeniyle \u0130ngiltere\u2019ye de klinik a\u00e7ma&#8230;<\/p>\n","protected":false},"author":1,"featured_media":10939,"comment_status":"open","ping_status":"open","sticky":false,"template":"","format":"standard","meta":{"_crdt_document":"","footnotes":""},"categories":[2],"tags":[],"class_list":["post-10938","post","type-post","status-publish","format-standard","has-post-thumbnail","hentry","category-saglik"],"_links":{"self":[{"href":"https:\/\/www.egemtv.com\/index.php?rest_route=\/wp\/v2\/posts\/10938","targetHints":{"allow":["GET"]}}],"collection":[{"href":"https:\/\/www.egemtv.com\/index.php?rest_route=\/wp\/v2\/posts"}],"about":[{"href":"https:\/\/www.egemtv.com\/index.php?rest_route=\/wp\/v2\/types\/post"}],"author":[{"embeddable":true,"href":"https:\/\/www.egemtv.com\/index.php?rest_route=\/wp\/v2\/users\/1"}],"replies":[{"embeddable":true,"href":"https:\/\/www.egemtv.com\/index.php?rest_route=%2Fwp%2Fv2%2Fcomments&post=10938"}],"version-history":[{"count":1,"href":"https:\/\/www.egemtv.com\/index.php?rest_route=\/wp\/v2\/posts\/10938\/revisions"}],"predecessor-version":[{"id":10940,"href":"https:\/\/www.egemtv.com\/index.php?rest_route=\/wp\/v2\/posts\/10938\/revisions\/10940"}],"wp:featuredmedia":[{"embeddable":true,"href":"https:\/\/www.egemtv.com\/index.php?rest_route=\/wp\/v2\/media\/10939"}],"wp:attachment":[{"href":"https:\/\/www.egemtv.com\/index.php?rest_route=%2Fwp%2Fv2%2Fmedia&parent=10938"}],"wp:term":[{"taxonomy":"category","embeddable":true,"href":"https:\/\/www.egemtv.com\/index.php?rest_route=%2Fwp%2Fv2%2Fcategories&post=10938"},{"taxonomy":"post_tag","embeddable":true,"href":"https:\/\/www.egemtv.com\/index.php?rest_route=%2Fwp%2Fv2%2Ftags&post=10938"}],"curies":[{"name":"wp","href":"https:\/\/api.w.org\/{rel}","templated":true}]}}