{"id":10935,"date":"2025-01-21T06:19:04","date_gmt":"2025-01-21T03:19:04","guid":{"rendered":"https:\/\/www.egemtv.com\/?p=10935"},"modified":"2025-01-21T06:19:07","modified_gmt":"2025-01-21T03:19:07","slug":"saylak-ve-arastan-tarimda-ortak-akil-vurgusu","status":"publish","type":"post","link":"https:\/\/www.egemtv.com\/?p=10935","title":{"rendered":"Saylak ve Aras\u2019tan \u2019Tar\u0131mda Ortak Ak\u0131l\u2019 vurgusu"},"content":{"rendered":"<p>Mu\u011fla B\u00fcy\u00fck\u015fehir Belediye Ba\u015fkan\u0131 Ahmet Aras, Mu\u011fla Tar\u0131m ve Orman M\u00fcd\u00fcrl\u00fc\u011f\u00fcn\u00fc ziyaret ederek \u0130l M\u00fcd\u00fcr\u00fc Bar\u0131\u015f Saylak ile tar\u0131m, hayvanc\u0131l\u0131k ve turizm entegrasyonu \u00fczerine g\u00f6r\u00fc\u015fme ger\u00e7ekle\u015ftirdi. Ziyaret kapsam\u0131nda, Mu\u011fla\u2019n\u0131n sahip oldu\u011fu tar\u0131msal potansiyelin de\u011ferlendirilmesi ve bu potansiyelin turizm sekt\u00f6r\u00fc ile entegre edilerek b\u00f6lge ekonomisine daha fazla katk\u0131 sa\u011flamas\u0131 konular\u0131 ele al\u0131nd\u0131.<br \/>\n<br \/>Tar\u0131m ve Orman \u0130l M\u00fcd\u00fcr\u00fc Bar\u0131\u015f Saylak ile Ba\u015fkan Aras, yerel \u00fcretimin desteklenmesi i\u00e7in at\u0131labilecek ad\u0131mlar konusunda g\u00f6r\u00fc\u015flerini dile getirdi. Ziyaretin g\u00fcndeminde b\u00f6lgedeki tar\u0131msal \u00fcr\u00fcnlerin turistik tesislerde de\u011ferlendirilmesi ve Mu\u011fla\u2019n\u0131n tar\u0131msal markalar\u0131n\u0131n ulusal ve uluslararas\u0131 alanda tan\u0131t\u0131m\u0131 vard\u0131.<br \/>\n<br \/>\u201cMu\u011fla\u2019n\u0131n potansiyelini g\u00fc\u00e7 birli\u011fiyle harekete ge\u00e7irece\u011fiz\u201d<br \/>\n<br \/>Ziyaretin ard\u0131ndan konu\u015fan \u0130l Tar\u0131m ve Orman M\u00fcd\u00fcr\u00fc Bar\u0131\u015f Saylak, \u201cMu\u011fla, tar\u0131m ve turizm alan\u0131nda b\u00fcy\u00fck bir potansiyele sahip.  B\u00fcy\u00fck\u015fehir Belediye Ba\u015fkan\u0131m\u0131z\u0131n bu konudaki duyarl\u0131l\u0131\u011f\u0131 ve i\u015f birli\u011fi yakla\u015f\u0131m\u0131, \u00fcreticilerimize ve b\u00f6lge ekonomimize b\u00fcy\u00fck katk\u0131 sunacakt\u0131r. Tar\u0131m ve turizm entegrasyonu konusunda g\u00fc\u00e7 birli\u011fi yaparak, Mu\u011fla\u2019n\u0131n bu iki alandaki liderli\u011fini daha ileriye ta\u015f\u0131may\u0131 hedefliyoruz\u201d ifadelerini kulland\u0131.<br \/>\n<br \/>Saylak, tar\u0131m ve turizmin entegrasyonuna y\u00f6nelik ortak projelerin hayata ge\u00e7irilmesi konusunda t\u00fcm tar\u0131m payda\u015flar\u0131 ile omuz omuza olduklar\u0131n\u0131 s\u00f6yledi.<br \/>\n<br \/>Ba\u015fkan Ahmet Aras ise yerel y\u00f6netim olarak tar\u0131ma verdikleri \u00f6nemi bir kez daha dile getirerek, \u201cMu\u011fla, yaln\u0131zca turizmin de\u011fil, tar\u0131m\u0131n da ba\u015fkenti olma yolunda ilerliyor. \u00dcreticimizi desteklemek ve \u00fcr\u00fcnlerimizin hak etti\u011fi de\u011feri g\u00f6rmesini sa\u011flamak i\u00e7in her zaman Tar\u0131m ve Orman \u0130l M\u00fcd\u00fcrl\u00fc\u011f\u00fcm\u00fczle i\u015f birli\u011fi i\u00e7inde olmaya haz\u0131r\u0131z\u201d dedi.<br \/><\/p>\n","protected":false},"excerpt":{"rendered":"<p>Mu\u011fla B\u00fcy\u00fck\u015fehir Belediye Ba\u015fkan\u0131 Ahmet Aras, Mu\u011fla Tar\u0131m ve Orman M\u00fcd\u00fcrl\u00fc\u011f\u00fcn\u00fc ziyaret ederek \u0130l M\u00fcd\u00fcr\u00fc Bar\u0131\u015f Saylak ile tar\u0131m, hayvanc\u0131l\u0131k ve turizm entegrasyonu \u00fczerine g\u00f6r\u00fc\u015fme ger\u00e7ekle\u015ftirdi. Ziyaret kapsam\u0131nda, Mu\u011fla\u2019n\u0131n sahip oldu\u011fu tar\u0131msal potansiyelin de\u011ferlendirilmesi ve bu potansiyelin turizm sekt\u00f6r\u00fc ile entegre edilerek b\u00f6lge ekonomisine daha fazla katk\u0131 sa\u011flamas\u0131 konular\u0131 ele al\u0131nd\u0131. Tar\u0131m ve Orman \u0130l&#8230;<\/p>\n","protected":false},"author":1,"featured_media":10936,"comment_status":"open","ping_status":"open","sticky":false,"template":"","format":"standard","meta":{"_crdt_document":"","footnotes":""},"categories":[125],"tags":[],"class_list":["post-10935","post","type-post","status-publish","format-standard","has-post-thumbnail","hentry","category-ekonomi"],"_links":{"self":[{"href":"https:\/\/www.egemtv.com\/index.php?rest_route=\/wp\/v2\/posts\/10935","targetHints":{"allow":["GET"]}}],"collection":[{"href":"https:\/\/www.egemtv.com\/index.php?rest_route=\/wp\/v2\/posts"}],"about":[{"href":"https:\/\/www.egemtv.com\/index.php?rest_route=\/wp\/v2\/types\/post"}],"author":[{"embeddable":true,"href":"https:\/\/www.egemtv.com\/index.php?rest_route=\/wp\/v2\/users\/1"}],"replies":[{"embeddable":true,"href":"https:\/\/www.egemtv.com\/index.php?rest_route=%2Fwp%2Fv2%2Fcomments&post=10935"}],"version-history":[{"count":1,"href":"https:\/\/www.egemtv.com\/index.php?rest_route=\/wp\/v2\/posts\/10935\/revisions"}],"predecessor-version":[{"id":10937,"href":"https:\/\/www.egemtv.com\/index.php?rest_route=\/wp\/v2\/posts\/10935\/revisions\/10937"}],"wp:featuredmedia":[{"embeddable":true,"href":"https:\/\/www.egemtv.com\/index.php?rest_route=\/wp\/v2\/media\/10936"}],"wp:attachment":[{"href":"https:\/\/www.egemtv.com\/index.php?rest_route=%2Fwp%2Fv2%2Fmedia&parent=10935"}],"wp:term":[{"taxonomy":"category","embeddable":true,"href":"https:\/\/www.egemtv.com\/index.php?rest_route=%2Fwp%2Fv2%2Fcategories&post=10935"},{"taxonomy":"post_tag","embeddable":true,"href":"https:\/\/www.egemtv.com\/index.php?rest_route=%2Fwp%2Fv2%2Ftags&post=10935"}],"curies":[{"name":"wp","href":"https:\/\/api.w.org\/{rel}","templated":true}]}}