{"id":10932,"date":"2025-01-21T02:07:03","date_gmt":"2025-01-20T23:07:03","guid":{"rendered":"https:\/\/www.egemtv.com\/?p=10932"},"modified":"2025-01-21T02:07:06","modified_gmt":"2025-01-20T23:07:06","slug":"aydinda-trafik-kazasi-1-olu","status":"publish","type":"post","link":"https:\/\/www.egemtv.com\/?p=10932","title":{"rendered":"Ayd\u0131n\u2019da trafik kazas\u0131: 1 \u00f6l\u00fc"},"content":{"rendered":"<p>Ayd\u0131n\u2019\u0131n Efeler il\u00e7esinde otomobil ile kamyonun kafa kafaya \u00e7arp\u0131\u015ft\u0131\u011f\u0131 trafik kazas\u0131nda 1 ki\u015fi hayat\u0131n\u0131 kaybetti.<\/p>\n<p>Kaza, Ayd\u0131n-Denizli otoyolu P\u0131nardere Mevkii\u2019nde meydana geldi. Edinilen bilgiye g\u00f6re, otoyolda ters y\u00f6nde ilerledi\u011fi iddia edilen Suat Savran idaresindeki HH SU 2514 yabanc\u0131 plakal\u0131 otomobil ile Mustafa S. idaresindeki 35 HB 7111 plakal\u0131 kamyon kafa kafaya \u00e7arp\u0131\u015ft\u0131. \u00c7arpman\u0131n \u015fiddeti ile ara\u00e7lar savruldu. Kazay\u0131 g\u00f6renlerin ihbar\u0131 \u00fczerine olay yerine itfaiye, sa\u011fl\u0131k ve jandarma ekibi sevk edildi. Kazada otomobil s\u00fcr\u00fcc\u00fcs\u00fc Suat Savran(60) olay yerinde hayat\u0131n\u0131 kaybetti.  Kamyon s\u00fcr\u00fcc\u00fcs\u00fc Mustafa S. ise yaraland\u0131. Sa\u011fl\u0131k ekipleri olay yerinde yaral\u0131 s\u00fcr\u00fcc\u00fcye ilk m\u00fcdahaleyi yap\u0131p ard\u0131ndan ambulans ile hastaneye kald\u0131rd\u0131. Olay yerinde yap\u0131lan incelemenin ard\u0131ndan hayat\u0131n\u0131 kaybeden s\u00fcr\u00fcc\u00fcn\u00fcn cenazesi morga kald\u0131r\u0131ld\u0131. Kazaya kar\u0131\u015fan ara\u00e7lar ise \u00e7ekici yard\u0131m\u0131 ile olay yerinden kald\u0131r\u0131ld\u0131.<\/p>\n<p>Kazayla ilgili soru\u015fturma s\u00fcr\u00fcyor.<br \/><\/p>\n","protected":false},"excerpt":{"rendered":"<p>Ayd\u0131n\u2019\u0131n Efeler il\u00e7esinde otomobil ile kamyonun kafa kafaya \u00e7arp\u0131\u015ft\u0131\u011f\u0131 trafik kazas\u0131nda 1 ki\u015fi hayat\u0131n\u0131 kaybetti. Kaza, Ayd\u0131n-Denizli otoyolu P\u0131nardere Mevkii\u2019nde meydana geldi. Edinilen bilgiye g\u00f6re, otoyolda ters y\u00f6nde ilerledi\u011fi iddia edilen Suat Savran idaresindeki HH SU 2514 yabanc\u0131 plakal\u0131 otomobil ile Mustafa S. idaresindeki 35 HB 7111 plakal\u0131 kamyon kafa kafaya \u00e7arp\u0131\u015ft\u0131. \u00c7arpman\u0131n \u015fiddeti ile&#8230;<\/p>\n","protected":false},"author":1,"featured_media":10933,"comment_status":"open","ping_status":"open","sticky":false,"template":"","format":"standard","meta":{"_crdt_document":"","footnotes":""},"categories":[5],"tags":[],"class_list":["post-10932","post","type-post","status-publish","format-standard","has-post-thumbnail","hentry","category-asayis"],"_links":{"self":[{"href":"https:\/\/www.egemtv.com\/index.php?rest_route=\/wp\/v2\/posts\/10932","targetHints":{"allow":["GET"]}}],"collection":[{"href":"https:\/\/www.egemtv.com\/index.php?rest_route=\/wp\/v2\/posts"}],"about":[{"href":"https:\/\/www.egemtv.com\/index.php?rest_route=\/wp\/v2\/types\/post"}],"author":[{"embeddable":true,"href":"https:\/\/www.egemtv.com\/index.php?rest_route=\/wp\/v2\/users\/1"}],"replies":[{"embeddable":true,"href":"https:\/\/www.egemtv.com\/index.php?rest_route=%2Fwp%2Fv2%2Fcomments&post=10932"}],"version-history":[{"count":1,"href":"https:\/\/www.egemtv.com\/index.php?rest_route=\/wp\/v2\/posts\/10932\/revisions"}],"predecessor-version":[{"id":10934,"href":"https:\/\/www.egemtv.com\/index.php?rest_route=\/wp\/v2\/posts\/10932\/revisions\/10934"}],"wp:featuredmedia":[{"embeddable":true,"href":"https:\/\/www.egemtv.com\/index.php?rest_route=\/wp\/v2\/media\/10933"}],"wp:attachment":[{"href":"https:\/\/www.egemtv.com\/index.php?rest_route=%2Fwp%2Fv2%2Fmedia&parent=10932"}],"wp:term":[{"taxonomy":"category","embeddable":true,"href":"https:\/\/www.egemtv.com\/index.php?rest_route=%2Fwp%2Fv2%2Fcategories&post=10932"},{"taxonomy":"post_tag","embeddable":true,"href":"https:\/\/www.egemtv.com\/index.php?rest_route=%2Fwp%2Fv2%2Ftags&post=10932"}],"curies":[{"name":"wp","href":"https:\/\/api.w.org\/{rel}","templated":true}]}}