{"id":10920,"date":"2025-01-20T19:36:53","date_gmt":"2025-01-20T16:36:53","guid":{"rendered":"https:\/\/www.egemtv.com\/?p=10920"},"modified":"2025-01-20T19:36:54","modified_gmt":"2025-01-20T16:36:54","slug":"fethiyede-trafik-kazasi-2si-cocuk-6-yarali","status":"publish","type":"post","link":"https:\/\/www.egemtv.com\/?p=10920","title":{"rendered":"Fethiye\u2019de trafik kazas\u0131: 2\u2019si \u00e7ocuk, 6 yaral\u0131"},"content":{"rendered":"<p>Mu\u011fla\u2019n\u0131n Fethiye il\u00e7esinde meydana gelen trafik kazas\u0131nda 2\u2019si \u00e7ocuk 6 ki\u015fi yaraland\u0131.<\/p>\n<p>Kaza, \u00c7amk\u00f6y Mahallesi trafik \u0131\u015f\u0131klar\u0131nda meydana geldi. Edinilen bilgiye g\u00f6re, yol \u00fczerinde iki arac\u0131n \u00e7arp\u0131\u015fmas\u0131 sonucu trafik kazas\u0131 meydana geldi.  Kaza ihbar\u0131 \u00fczerine b\u00f6lgeye polis ve sa\u011fl\u0131k ekipleri sevk edildi. Kazada yaralanan 2\u2019si \u00e7ocuk 6 ki\u015fi olay yerinde ilk m\u00fcdahalelerinin ard\u0131ndan hastaneye kald\u0131r\u0131ld\u0131.<\/p>\n<p>Kazayla ilgili soru\u015fturma s\u00fcr\u00fcyor.<br \/><\/p>\n","protected":false},"excerpt":{"rendered":"<p>Mu\u011fla\u2019n\u0131n Fethiye il\u00e7esinde meydana gelen trafik kazas\u0131nda 2\u2019si \u00e7ocuk 6 ki\u015fi yaraland\u0131. Kaza, \u00c7amk\u00f6y Mahallesi trafik \u0131\u015f\u0131klar\u0131nda meydana geldi. Edinilen bilgiye g\u00f6re, yol \u00fczerinde iki arac\u0131n \u00e7arp\u0131\u015fmas\u0131 sonucu trafik kazas\u0131 meydana geldi. Kaza ihbar\u0131 \u00fczerine b\u00f6lgeye polis ve sa\u011fl\u0131k ekipleri sevk edildi. Kazada yaralanan 2\u2019si \u00e7ocuk 6 ki\u015fi olay yerinde ilk m\u00fcdahalelerinin ard\u0131ndan hastaneye kald\u0131r\u0131ld\u0131&#8230;.<\/p>\n","protected":false},"author":1,"featured_media":10921,"comment_status":"open","ping_status":"open","sticky":false,"template":"","format":"standard","meta":{"_crdt_document":"","footnotes":""},"categories":[5],"tags":[],"class_list":["post-10920","post","type-post","status-publish","format-standard","has-post-thumbnail","hentry","category-asayis"],"_links":{"self":[{"href":"https:\/\/www.egemtv.com\/index.php?rest_route=\/wp\/v2\/posts\/10920","targetHints":{"allow":["GET"]}}],"collection":[{"href":"https:\/\/www.egemtv.com\/index.php?rest_route=\/wp\/v2\/posts"}],"about":[{"href":"https:\/\/www.egemtv.com\/index.php?rest_route=\/wp\/v2\/types\/post"}],"author":[{"embeddable":true,"href":"https:\/\/www.egemtv.com\/index.php?rest_route=\/wp\/v2\/users\/1"}],"replies":[{"embeddable":true,"href":"https:\/\/www.egemtv.com\/index.php?rest_route=%2Fwp%2Fv2%2Fcomments&post=10920"}],"version-history":[{"count":1,"href":"https:\/\/www.egemtv.com\/index.php?rest_route=\/wp\/v2\/posts\/10920\/revisions"}],"predecessor-version":[{"id":10922,"href":"https:\/\/www.egemtv.com\/index.php?rest_route=\/wp\/v2\/posts\/10920\/revisions\/10922"}],"wp:featuredmedia":[{"embeddable":true,"href":"https:\/\/www.egemtv.com\/index.php?rest_route=\/wp\/v2\/media\/10921"}],"wp:attachment":[{"href":"https:\/\/www.egemtv.com\/index.php?rest_route=%2Fwp%2Fv2%2Fmedia&parent=10920"}],"wp:term":[{"taxonomy":"category","embeddable":true,"href":"https:\/\/www.egemtv.com\/index.php?rest_route=%2Fwp%2Fv2%2Fcategories&post=10920"},{"taxonomy":"post_tag","embeddable":true,"href":"https:\/\/www.egemtv.com\/index.php?rest_route=%2Fwp%2Fv2%2Ftags&post=10920"}],"curies":[{"name":"wp","href":"https:\/\/api.w.org\/{rel}","templated":true}]}}