{"id":10914,"date":"2025-01-20T19:04:18","date_gmt":"2025-01-20T16:04:18","guid":{"rendered":"https:\/\/www.egemtv.com\/?p=10914"},"modified":"2025-01-20T19:04:19","modified_gmt":"2025-01-20T16:04:19","slug":"tarlaya-devrilen-traktorun-surucusu-hayatini-kaybetti","status":"publish","type":"post","link":"https:\/\/www.egemtv.com\/?p=10914","title":{"rendered":"Tarlaya devrilen trakt\u00f6r\u00fcn s\u00fcr\u00fcc\u00fcs\u00fc hayat\u0131n\u0131 kaybetti"},"content":{"rendered":"<p>Burdur\u2019un Bucak il\u00e7esinde tarlaya devrilen trakt\u00f6r\u00fcn s\u00fcr\u00fcc\u00fcs\u00fc hayat\u0131n\u0131 kaybetti.<br \/>\n<br \/>Kaza, saat 16.00 s\u0131ralar\u0131nda Burdur-Antalya karayolu K\u0131z\u0131lkaya Kav\u015fa\u011f\u0131 yak\u0131nlar\u0131nda meydana geldi. Edinilen bilgilere g\u00f6re, Recep Y\u0131ld\u0131z (58) idaresindeki 07 CJH 29 plakal\u0131 trakt\u00f6r, yolun sa\u011f \u015feridinde ilerlerken s\u00fcr\u00fcc\u00fcn\u00fcn direksiyon hakimiyetini kaybetmesi sonucu kontrolden \u00e7\u0131karak yol kenar\u0131ndaki tarlaya devrildi. Kazada trakt\u00f6r\u00fcn alt\u0131nda kalan Recep Y\u0131ld\u0131z a\u011f\u0131r yaraland\u0131. \u00c7evredekilerin 112 Acil \u00c7a\u011fr\u0131 Merkezine ihbar\u0131 \u00fczerine olay yerine sa\u011fl\u0131k ve jandarma ekipleri sevk edildi. Olay yerine gelen sa\u011fl\u0131k ekiplerinin yapt\u0131\u011f\u0131 kontrolde Recep Y\u0131ld\u0131z\u2019\u0131n hayat\u0131n\u0131 kaybetti\u011fi belirlendi. Jandarma olay yeri inceleme ekiplerinin \u00e7al\u0131\u015fmalar\u0131 sonras\u0131nda Y\u0131ld\u0131z\u2019\u0131n cenazesi otopsi yap\u0131lmak \u00fczere Bucak Devlet Hastanesi morguna kald\u0131r\u0131ld\u0131.<br \/>\n<br \/>Kazayla ilgili inceleme ba\u015flat\u0131ld\u0131.<br \/><\/p>\n","protected":false},"excerpt":{"rendered":"<p>Burdur\u2019un Bucak il\u00e7esinde tarlaya devrilen trakt\u00f6r\u00fcn s\u00fcr\u00fcc\u00fcs\u00fc hayat\u0131n\u0131 kaybetti. Kaza, saat 16.00 s\u0131ralar\u0131nda Burdur-Antalya karayolu K\u0131z\u0131lkaya Kav\u015fa\u011f\u0131 yak\u0131nlar\u0131nda meydana geldi. Edinilen bilgilere g\u00f6re, Recep Y\u0131ld\u0131z (58) idaresindeki 07 CJH 29 plakal\u0131 trakt\u00f6r, yolun sa\u011f \u015feridinde ilerlerken s\u00fcr\u00fcc\u00fcn\u00fcn direksiyon hakimiyetini kaybetmesi sonucu kontrolden \u00e7\u0131karak yol kenar\u0131ndaki tarlaya devrildi. Kazada trakt\u00f6r\u00fcn alt\u0131nda kalan Recep Y\u0131ld\u0131z a\u011f\u0131r yaraland\u0131&#8230;.<\/p>\n","protected":false},"author":1,"featured_media":10915,"comment_status":"open","ping_status":"open","sticky":false,"template":"","format":"standard","meta":{"_crdt_document":"","footnotes":""},"categories":[5],"tags":[],"class_list":["post-10914","post","type-post","status-publish","format-standard","has-post-thumbnail","hentry","category-asayis"],"_links":{"self":[{"href":"https:\/\/www.egemtv.com\/index.php?rest_route=\/wp\/v2\/posts\/10914","targetHints":{"allow":["GET"]}}],"collection":[{"href":"https:\/\/www.egemtv.com\/index.php?rest_route=\/wp\/v2\/posts"}],"about":[{"href":"https:\/\/www.egemtv.com\/index.php?rest_route=\/wp\/v2\/types\/post"}],"author":[{"embeddable":true,"href":"https:\/\/www.egemtv.com\/index.php?rest_route=\/wp\/v2\/users\/1"}],"replies":[{"embeddable":true,"href":"https:\/\/www.egemtv.com\/index.php?rest_route=%2Fwp%2Fv2%2Fcomments&post=10914"}],"version-history":[{"count":1,"href":"https:\/\/www.egemtv.com\/index.php?rest_route=\/wp\/v2\/posts\/10914\/revisions"}],"predecessor-version":[{"id":10916,"href":"https:\/\/www.egemtv.com\/index.php?rest_route=\/wp\/v2\/posts\/10914\/revisions\/10916"}],"wp:featuredmedia":[{"embeddable":true,"href":"https:\/\/www.egemtv.com\/index.php?rest_route=\/wp\/v2\/media\/10915"}],"wp:attachment":[{"href":"https:\/\/www.egemtv.com\/index.php?rest_route=%2Fwp%2Fv2%2Fmedia&parent=10914"}],"wp:term":[{"taxonomy":"category","embeddable":true,"href":"https:\/\/www.egemtv.com\/index.php?rest_route=%2Fwp%2Fv2%2Fcategories&post=10914"},{"taxonomy":"post_tag","embeddable":true,"href":"https:\/\/www.egemtv.com\/index.php?rest_route=%2Fwp%2Fv2%2Ftags&post=10914"}],"curies":[{"name":"wp","href":"https:\/\/api.w.org\/{rel}","templated":true}]}}