{"id":10911,"date":"2025-01-20T18:52:41","date_gmt":"2025-01-20T15:52:41","guid":{"rendered":"https:\/\/www.egemtv.com\/?p=10911"},"modified":"2025-01-20T18:52:43","modified_gmt":"2025-01-20T15:52:43","slug":"polis-yaralama-olayinin-pesini-birakmadi-5-tutuklama","status":"publish","type":"post","link":"https:\/\/www.egemtv.com\/?p=10911","title":{"rendered":"Polis yaralama olay\u0131n\u0131n pe\u015fini b\u0131rakmad\u0131: 5 tutuklama"},"content":{"rendered":"<p>\u0130zmir\u2019de ya\u015fanan silahla ve b\u0131\u00e7akla yaralama olay\u0131na ili\u015fkin \u0130zmir ve Mu\u011fla\u2019da d\u00fczenlenen operasyonla g\u00f6zalt\u0131na al\u0131nan 5 ki\u015fi, sevk edildikleri mahkemece tutukland\u0131.<br \/>\n<br \/>Konak \u0130l\u00e7e Emniyet M\u00fcd\u00fcrl\u00fc\u011f\u00fc Su\u00e7 \u00d6nleme ve Soru\u015fturma B\u00fcro Amirli\u011fi ekipleri, 10 Ocak\u2019ta Alsancak\u2019ta meydana gelen silahla ve b\u0131\u00e7akla yaralama olay\u0131 ile ilgili \u00e7al\u0131\u015fma ba\u015flatt\u0131. Y\u00fcr\u00fct\u00fclen teknik ve fiziki takibin ard\u0131ndan \u015f\u00fcphelilerin F.T. (38), R.T. (28), Y.T. (23), H.K. (23) ve D.B. (23) olduklar\u0131 tespit edildi. \u0130zmir\u2019in Bayrakl\u0131 ve Urla il\u00e7eleri ile Mu\u011fla\u2019n\u0131n Mente\u015fe il\u00e7elerinde 8 adrese e\u015f zamanl\u0131 d\u00fczenlenen operasyonla \u015f\u00fcpheliler yakaland\u0131. \u015e\u00fcpheli R.T.\u2019nin adresinde ise 1 adet ruhsats\u0131z tabanca bulundu. G\u00f6zalt\u0131na al\u0131nan 5 \u015f\u00fcpheli, emniyetteki i\u015flemlerin ard\u0131ndan sevk edildikleri mahkemece tutukland\u0131.<br \/><\/p>\n","protected":false},"excerpt":{"rendered":"<p>\u0130zmir\u2019de ya\u015fanan silahla ve b\u0131\u00e7akla yaralama olay\u0131na ili\u015fkin \u0130zmir ve Mu\u011fla\u2019da d\u00fczenlenen operasyonla g\u00f6zalt\u0131na al\u0131nan 5 ki\u015fi, sevk edildikleri mahkemece tutukland\u0131. Konak \u0130l\u00e7e Emniyet M\u00fcd\u00fcrl\u00fc\u011f\u00fc Su\u00e7 \u00d6nleme ve Soru\u015fturma B\u00fcro Amirli\u011fi ekipleri, 10 Ocak\u2019ta Alsancak\u2019ta meydana gelen silahla ve b\u0131\u00e7akla yaralama olay\u0131 ile ilgili \u00e7al\u0131\u015fma ba\u015flatt\u0131. Y\u00fcr\u00fct\u00fclen teknik ve fiziki takibin ard\u0131ndan \u015f\u00fcphelilerin F.T. (38),&#8230;<\/p>\n","protected":false},"author":1,"featured_media":10912,"comment_status":"open","ping_status":"open","sticky":false,"template":"","format":"standard","meta":{"_crdt_document":"","footnotes":""},"categories":[5],"tags":[],"class_list":["post-10911","post","type-post","status-publish","format-standard","has-post-thumbnail","hentry","category-asayis"],"_links":{"self":[{"href":"https:\/\/www.egemtv.com\/index.php?rest_route=\/wp\/v2\/posts\/10911","targetHints":{"allow":["GET"]}}],"collection":[{"href":"https:\/\/www.egemtv.com\/index.php?rest_route=\/wp\/v2\/posts"}],"about":[{"href":"https:\/\/www.egemtv.com\/index.php?rest_route=\/wp\/v2\/types\/post"}],"author":[{"embeddable":true,"href":"https:\/\/www.egemtv.com\/index.php?rest_route=\/wp\/v2\/users\/1"}],"replies":[{"embeddable":true,"href":"https:\/\/www.egemtv.com\/index.php?rest_route=%2Fwp%2Fv2%2Fcomments&post=10911"}],"version-history":[{"count":1,"href":"https:\/\/www.egemtv.com\/index.php?rest_route=\/wp\/v2\/posts\/10911\/revisions"}],"predecessor-version":[{"id":10913,"href":"https:\/\/www.egemtv.com\/index.php?rest_route=\/wp\/v2\/posts\/10911\/revisions\/10913"}],"wp:featuredmedia":[{"embeddable":true,"href":"https:\/\/www.egemtv.com\/index.php?rest_route=\/wp\/v2\/media\/10912"}],"wp:attachment":[{"href":"https:\/\/www.egemtv.com\/index.php?rest_route=%2Fwp%2Fv2%2Fmedia&parent=10911"}],"wp:term":[{"taxonomy":"category","embeddable":true,"href":"https:\/\/www.egemtv.com\/index.php?rest_route=%2Fwp%2Fv2%2Fcategories&post=10911"},{"taxonomy":"post_tag","embeddable":true,"href":"https:\/\/www.egemtv.com\/index.php?rest_route=%2Fwp%2Fv2%2Ftags&post=10911"}],"curies":[{"name":"wp","href":"https:\/\/api.w.org\/{rel}","templated":true}]}}