{"id":10905,"date":"2025-01-20T18:46:11","date_gmt":"2025-01-20T15:46:11","guid":{"rendered":"https:\/\/www.egemtv.com\/?p=10905"},"modified":"2025-01-20T18:46:13","modified_gmt":"2025-01-20T15:46:13","slug":"burdurda-otomobil-refuje-carpti-1-yarali","status":"publish","type":"post","link":"https:\/\/www.egemtv.com\/?p=10905","title":{"rendered":"Burdur\u2019da otomobil ref\u00fcje \u00e7arpt\u0131: 1 yaral\u0131"},"content":{"rendered":"<p>Burdur\u2019un Karamanl\u0131 il\u00e7esinde kontrolden \u00e7\u0131kan otomobilin ref\u00fcje \u00e7arpmas\u0131 sonucu 1 ki\u015fi yaraland\u0131.<br \/>\n<br \/>Kaza, saat 16.20 s\u0131ralar\u0131nda Burdur-Fethiye karayolunda meydana geldi. Edinilen bilgilere g\u00f6re, Burdur istikametinden Karamanl\u0131 istikametine seyir eden Ahmet D. (39) idaresindeki 07 BEK 62 plakal\u0131 Tata marka otomobil, Karamanl\u0131 il\u00e7e giri\u015fine 400 metre kala s\u00fcr\u00fcc\u00fcn\u00fcn direksiyon hakimiyetini kaybetmesi sonucu kontrolden \u00e7\u0131karak ref\u00fcje \u00e7arpt\u0131. Kazada s\u00fcr\u00fcc\u00fc Ahmet D. yaraland\u0131. \u00c7evredekilerin 112 Acil \u00c7a\u011fr\u0131 Merkezi\u2019ne ihbar\u0131 \u00fczerine olay yerine sa\u011fl\u0131k, itfaiye ve polis ekipleri sevk edildi. Olay yerine gelen sa\u011fl\u0131k ekipleri taraf\u0131ndan ilk m\u00fcdahalesi yap\u0131lan Ahmet D., ambulansla Burdur Devlet Hastanesi\u2019ne kald\u0131r\u0131ld\u0131. Yaral\u0131n\u0131n hayati tehlikesinin bulunmad\u0131\u011f\u0131 \u00f6\u011frenilirken, kazayla ilgili inceleme ba\u015flat\u0131ld\u0131.<br \/><\/p>\n","protected":false},"excerpt":{"rendered":"<p>Burdur\u2019un Karamanl\u0131 il\u00e7esinde kontrolden \u00e7\u0131kan otomobilin ref\u00fcje \u00e7arpmas\u0131 sonucu 1 ki\u015fi yaraland\u0131. Kaza, saat 16.20 s\u0131ralar\u0131nda Burdur-Fethiye karayolunda meydana geldi. Edinilen bilgilere g\u00f6re, Burdur istikametinden Karamanl\u0131 istikametine seyir eden Ahmet D. (39) idaresindeki 07 BEK 62 plakal\u0131 Tata marka otomobil, Karamanl\u0131 il\u00e7e giri\u015fine 400 metre kala s\u00fcr\u00fcc\u00fcn\u00fcn direksiyon hakimiyetini kaybetmesi sonucu kontrolden \u00e7\u0131karak ref\u00fcje \u00e7arpt\u0131&#8230;.<\/p>\n","protected":false},"author":1,"featured_media":10906,"comment_status":"open","ping_status":"open","sticky":false,"template":"","format":"standard","meta":{"_crdt_document":"","footnotes":""},"categories":[5],"tags":[],"class_list":["post-10905","post","type-post","status-publish","format-standard","has-post-thumbnail","hentry","category-asayis"],"_links":{"self":[{"href":"https:\/\/www.egemtv.com\/index.php?rest_route=\/wp\/v2\/posts\/10905","targetHints":{"allow":["GET"]}}],"collection":[{"href":"https:\/\/www.egemtv.com\/index.php?rest_route=\/wp\/v2\/posts"}],"about":[{"href":"https:\/\/www.egemtv.com\/index.php?rest_route=\/wp\/v2\/types\/post"}],"author":[{"embeddable":true,"href":"https:\/\/www.egemtv.com\/index.php?rest_route=\/wp\/v2\/users\/1"}],"replies":[{"embeddable":true,"href":"https:\/\/www.egemtv.com\/index.php?rest_route=%2Fwp%2Fv2%2Fcomments&post=10905"}],"version-history":[{"count":1,"href":"https:\/\/www.egemtv.com\/index.php?rest_route=\/wp\/v2\/posts\/10905\/revisions"}],"predecessor-version":[{"id":10909,"href":"https:\/\/www.egemtv.com\/index.php?rest_route=\/wp\/v2\/posts\/10905\/revisions\/10909"}],"wp:featuredmedia":[{"embeddable":true,"href":"https:\/\/www.egemtv.com\/index.php?rest_route=\/wp\/v2\/media\/10906"}],"wp:attachment":[{"href":"https:\/\/www.egemtv.com\/index.php?rest_route=%2Fwp%2Fv2%2Fmedia&parent=10905"}],"wp:term":[{"taxonomy":"category","embeddable":true,"href":"https:\/\/www.egemtv.com\/index.php?rest_route=%2Fwp%2Fv2%2Fcategories&post=10905"},{"taxonomy":"post_tag","embeddable":true,"href":"https:\/\/www.egemtv.com\/index.php?rest_route=%2Fwp%2Fv2%2Ftags&post=10905"}],"curies":[{"name":"wp","href":"https:\/\/api.w.org\/{rel}","templated":true}]}}