{"id":10902,"date":"2025-01-20T18:40:35","date_gmt":"2025-01-20T15:40:35","guid":{"rendered":"https:\/\/www.egemtv.com\/?p=10902"},"modified":"2025-01-20T18:40:37","modified_gmt":"2025-01-20T15:40:37","slug":"yatalak-ve-felcli-kardeslerin-evine-giren-hirsizlar-yakalandi","status":"publish","type":"post","link":"https:\/\/www.egemtv.com\/?p=10902","title":{"rendered":"Yatalak ve fel\u00e7li karde\u015flerin evine giren h\u0131rs\u0131zlar yakaland\u0131"},"content":{"rendered":"<p>\u0130zmir\u2019in Bayrakl\u0131 il\u00e7esinde biri yatalak, biri fel\u00e7li 2 karde\u015fin ya\u015fad\u0131\u011f\u0131 eve girerek cep telefonu ve c\u00fczdanlar\u0131n\u0131 \u00e7alan h\u0131rs\u0131zlar, polis ekipleri taraf\u0131ndan yakaland\u0131. 17 ya\u015f\u0131ndaki zanl\u0131lar\u0131n eve girme ve \u00e7\u0131kma anlar\u0131 ise kameralara yans\u0131d\u0131.<br \/>\n<br \/>Olay, 17 Ocak g\u00fcn\u00fc saat 03.00 s\u0131ralar\u0131nda Adalet Mahallesi 2132\/3. Sokak\u2019taki bir evde meydana geldi. Biri yatalak, biri de fel\u00e7li olan A.E.K. (75) ve \u0130.K. (64) adl\u0131 karde\u015flerin ya\u015fad\u0131\u011f\u0131 ev, M.Y.H. (17) ve C.Z. (17) adl\u0131 iki arkada\u015f taraf\u0131ndan uzun s\u00fcre izlendi. Ya\u015fl\u0131 karde\u015flerin uyumalar\u0131n\u0131 f\u0131rsat bilen zanl\u0131lar, eve girerek 2 adet cep telefonu ve 1 adet c\u00fczdan\u0131 \u00e7ald\u0131. H\u0131rs\u0131zlar\u0131n eve giri\u015f ve \u00e7\u0131k\u0131\u015f anlar\u0131 ise \u00e7evredeki g\u00fcvenlik kameralar\u0131 taraf\u0131ndan g\u00f6r\u00fcnt\u00fclendi. H\u0131rs\u0131zl\u0131k olay\u0131n\u0131n bildirilmesi \u00fczerine \u00e7al\u0131\u015fma ba\u015flatan Bayrakl\u0131 \u0130l\u00e7e Emniyet M\u00fcd\u00fcrl\u00fc\u011f\u00fc Su\u00e7 \u00d6nleme ve Soru\u015fturma B\u00fcro Amirli\u011fi ekipleri, \u00e7evredeki g\u00fcvenlik kameralar\u0131n\u0131 izleyerek saha \u00e7al\u0131\u015fmas\u0131 yapt\u0131. Ekiplerin y\u00fcr\u00fctt\u00fc\u011f\u00fc titiz \u00e7al\u0131\u015fma sonucu h\u0131rs\u0131zlar\u0131n kimlikleri ve adresleri belirlendi. Bug\u00fcn adreslere d\u00fczenlenen e\u015f zamanl\u0131 operasyonda 17 ya\u015f\u0131ndaki iki \u00e7ocuk da k\u0131sk\u0131vrak yakaland\u0131. G\u00f6zalt\u0131na al\u0131nan 2 \u00e7ocuk, emniyetteki i\u015flemlerinin ard\u0131ndan \u00e7\u0131kar\u0131ld\u0131klar\u0131 mahkemece tutukland\u0131.<br \/><\/p>\n","protected":false},"excerpt":{"rendered":"<p>\u0130zmir\u2019in Bayrakl\u0131 il\u00e7esinde biri yatalak, biri fel\u00e7li 2 karde\u015fin ya\u015fad\u0131\u011f\u0131 eve girerek cep telefonu ve c\u00fczdanlar\u0131n\u0131 \u00e7alan h\u0131rs\u0131zlar, polis ekipleri taraf\u0131ndan yakaland\u0131. 17 ya\u015f\u0131ndaki zanl\u0131lar\u0131n eve girme ve \u00e7\u0131kma anlar\u0131 ise kameralara yans\u0131d\u0131. Olay, 17 Ocak g\u00fcn\u00fc saat 03.00 s\u0131ralar\u0131nda Adalet Mahallesi 2132\/3. Sokak\u2019taki bir evde meydana geldi. Biri yatalak, biri de fel\u00e7li olan A.E.K&#8230;.<\/p>\n","protected":false},"author":1,"featured_media":10903,"comment_status":"open","ping_status":"open","sticky":false,"template":"","format":"standard","meta":{"_crdt_document":"","footnotes":""},"categories":[5],"tags":[],"class_list":["post-10902","post","type-post","status-publish","format-standard","has-post-thumbnail","hentry","category-asayis"],"_links":{"self":[{"href":"https:\/\/www.egemtv.com\/index.php?rest_route=\/wp\/v2\/posts\/10902","targetHints":{"allow":["GET"]}}],"collection":[{"href":"https:\/\/www.egemtv.com\/index.php?rest_route=\/wp\/v2\/posts"}],"about":[{"href":"https:\/\/www.egemtv.com\/index.php?rest_route=\/wp\/v2\/types\/post"}],"author":[{"embeddable":true,"href":"https:\/\/www.egemtv.com\/index.php?rest_route=\/wp\/v2\/users\/1"}],"replies":[{"embeddable":true,"href":"https:\/\/www.egemtv.com\/index.php?rest_route=%2Fwp%2Fv2%2Fcomments&post=10902"}],"version-history":[{"count":1,"href":"https:\/\/www.egemtv.com\/index.php?rest_route=\/wp\/v2\/posts\/10902\/revisions"}],"predecessor-version":[{"id":10904,"href":"https:\/\/www.egemtv.com\/index.php?rest_route=\/wp\/v2\/posts\/10902\/revisions\/10904"}],"wp:featuredmedia":[{"embeddable":true,"href":"https:\/\/www.egemtv.com\/index.php?rest_route=\/wp\/v2\/media\/10903"}],"wp:attachment":[{"href":"https:\/\/www.egemtv.com\/index.php?rest_route=%2Fwp%2Fv2%2Fmedia&parent=10902"}],"wp:term":[{"taxonomy":"category","embeddable":true,"href":"https:\/\/www.egemtv.com\/index.php?rest_route=%2Fwp%2Fv2%2Fcategories&post=10902"},{"taxonomy":"post_tag","embeddable":true,"href":"https:\/\/www.egemtv.com\/index.php?rest_route=%2Fwp%2Fv2%2Ftags&post=10902"}],"curies":[{"name":"wp","href":"https:\/\/api.w.org\/{rel}","templated":true}]}}