{"id":10869,"date":"2025-01-20T16:56:06","date_gmt":"2025-01-20T13:56:06","guid":{"rendered":"https:\/\/www.egemtv.com\/?p=10869"},"modified":"2025-01-20T16:56:08","modified_gmt":"2025-01-20T13:56:08","slug":"yariyil-tatilinde-parklar-doldu","status":"publish","type":"post","link":"https:\/\/www.egemtv.com\/?p=10869","title":{"rendered":"Yar\u0131y\u0131l tatilinde parklar doldu"},"content":{"rendered":"<p>Ayd\u0131n\u2019da yar\u0131y\u0131l tatilindeki \u00f6\u011frenciler, bo\u015f vakitlerini de\u011ferlendirerek parklar\u0131 doldurdu.<\/p>\n<p>Ayd\u0131n\u2019da 2024-2025 e\u011fitim \u00f6\u011fretim y\u0131l\u0131n\u0131n yar\u0131y\u0131l tatili ba\u015flad\u0131. Ayd\u0131n\u2019da 189 bin 372 \u00f6\u011frenci, kimileri k\u00f6ylerine giderken \u015fehir merkezinde kalanlar ise parklara ak\u0131n etti. G\u00fczel havay\u0131 f\u0131rsat bilen il merkezindeki baz\u0131 \u00f6\u011frenciler, Atat\u00fcrk Kent Meydan\u0131\u2019nda bulunan \u00e7ocuk park\u0131nda oynayarak zaman ge\u00e7iriyor.<br \/>\n<br \/>G\u00fczel hava e\u015fli\u011finde \u00e7ocuklar, oyun alan\u0131nda bulunan u\u00e7an halatl\u0131 sal\u0131ncak, kayd\u0131rak, halatl\u0131 piramit, sal\u0131ncak gibi ekipmanlarla oynad\u0131. \u0130kinci d\u00f6nem 3 \u015eubat Pazartesi ba\u015flayacak ve 20 Haziran Cuma g\u00fcn\u00fc tamamlanacak.<br \/><\/p>\n","protected":false},"excerpt":{"rendered":"<p>Ayd\u0131n\u2019da yar\u0131y\u0131l tatilindeki \u00f6\u011frenciler, bo\u015f vakitlerini de\u011ferlendirerek parklar\u0131 doldurdu. Ayd\u0131n\u2019da 2024-2025 e\u011fitim \u00f6\u011fretim y\u0131l\u0131n\u0131n yar\u0131y\u0131l tatili ba\u015flad\u0131. Ayd\u0131n\u2019da 189 bin 372 \u00f6\u011frenci, kimileri k\u00f6ylerine giderken \u015fehir merkezinde kalanlar ise parklara ak\u0131n etti. G\u00fczel havay\u0131 f\u0131rsat bilen il merkezindeki baz\u0131 \u00f6\u011frenciler, Atat\u00fcrk Kent Meydan\u0131\u2019nda bulunan \u00e7ocuk park\u0131nda oynayarak zaman ge\u00e7iriyor. G\u00fczel hava e\u015fli\u011finde \u00e7ocuklar, oyun alan\u0131nda&#8230;<\/p>\n","protected":false},"author":1,"featured_media":10870,"comment_status":"open","ping_status":"open","sticky":false,"template":"","format":"standard","meta":{"_crdt_document":"","footnotes":""},"categories":[1],"tags":[],"class_list":["post-10869","post","type-post","status-publish","format-standard","has-post-thumbnail","hentry","category-guncel"],"_links":{"self":[{"href":"https:\/\/www.egemtv.com\/index.php?rest_route=\/wp\/v2\/posts\/10869","targetHints":{"allow":["GET"]}}],"collection":[{"href":"https:\/\/www.egemtv.com\/index.php?rest_route=\/wp\/v2\/posts"}],"about":[{"href":"https:\/\/www.egemtv.com\/index.php?rest_route=\/wp\/v2\/types\/post"}],"author":[{"embeddable":true,"href":"https:\/\/www.egemtv.com\/index.php?rest_route=\/wp\/v2\/users\/1"}],"replies":[{"embeddable":true,"href":"https:\/\/www.egemtv.com\/index.php?rest_route=%2Fwp%2Fv2%2Fcomments&post=10869"}],"version-history":[{"count":1,"href":"https:\/\/www.egemtv.com\/index.php?rest_route=\/wp\/v2\/posts\/10869\/revisions"}],"predecessor-version":[{"id":10871,"href":"https:\/\/www.egemtv.com\/index.php?rest_route=\/wp\/v2\/posts\/10869\/revisions\/10871"}],"wp:featuredmedia":[{"embeddable":true,"href":"https:\/\/www.egemtv.com\/index.php?rest_route=\/wp\/v2\/media\/10870"}],"wp:attachment":[{"href":"https:\/\/www.egemtv.com\/index.php?rest_route=%2Fwp%2Fv2%2Fmedia&parent=10869"}],"wp:term":[{"taxonomy":"category","embeddable":true,"href":"https:\/\/www.egemtv.com\/index.php?rest_route=%2Fwp%2Fv2%2Fcategories&post=10869"},{"taxonomy":"post_tag","embeddable":true,"href":"https:\/\/www.egemtv.com\/index.php?rest_route=%2Fwp%2Fv2%2Ftags&post=10869"}],"curies":[{"name":"wp","href":"https:\/\/api.w.org\/{rel}","templated":true}]}}