{"id":10866,"date":"2025-01-20T16:56:04","date_gmt":"2025-01-20T13:56:04","guid":{"rendered":"https:\/\/www.egemtv.com\/?p=10866"},"modified":"2025-01-20T16:56:06","modified_gmt":"2025-01-20T13:56:06","slug":"aydin-buyuksehir-sokede-calismalarina-devam-ediyor","status":"publish","type":"post","link":"https:\/\/www.egemtv.com\/?p=10866","title":{"rendered":"Ayd\u0131n B\u00fcy\u00fck\u015fehir S\u00f6ke\u2019de \u00e7al\u0131\u015fmalar\u0131na devam ediyor"},"content":{"rendered":"<p>Ayd\u0131n B\u00fcy\u00fck\u015fehir Belediyesi ekipleri, S\u00f6ke il\u00e7esi merkez ve k\u0131rsal mahallelerinde ger\u00e7ekle\u015ftirdi\u011fi kapsaml\u0131 \u00e7al\u0131\u015fmalarla vatanda\u015flar\u0131n takdirini topluyor. \u00c7evre d\u00fczenlemesinden altyap\u0131 projelerine kadar bir\u00e7ok alanda y\u00fcr\u00fct\u00fclen faaliyetler, il\u00e7e sakinlerine daha konforlu ve temiz bir ya\u015fam sunuyor.<\/p>\n<p>B\u00fcy\u00fck\u015fehir Belediyesi \u00c7evre Koruma ve Kontrol Dairesi Ba\u015fkanl\u0131\u011f\u0131 ekipleri, S\u00f6ke\u2019de kapsaml\u0131 bir \u00e7evre bak\u0131m \u00e7al\u0131\u015fmas\u0131 ger\u00e7ekle\u015ftirdi. 6 ara\u00e7 ve 40 personelle yap\u0131lan bu \u00e7al\u0131\u015fmalar sonucunda S\u00f6ke merkezi temiz bir g\u00f6r\u00fcn\u00fcme kavu\u015ftu.<\/p>\n<p>&#8220;Savuca Mahallesi\u2019nde yol \u00e7al\u0131\u015fmalar\u0131 s\u00fcr\u00fcyor&#8221;<br \/>\n<br \/>Savuca Mahallesi\u2019nde devam eden altyap\u0131 \u00e7al\u0131\u015fmalar\u0131nda ASK\u0130 ekipleri kanalizasyon \u00e7al\u0131\u015fmalar\u0131n\u0131 tamamlad\u0131. Bu \u00e7al\u0131\u015fmalar\u0131n ard\u0131ndan Fen \u0130\u015fleri Dairesi Ba\u015fkanl\u0131\u011f\u0131 Yol Yap\u0131m ve Bak\u0131m \u015eube M\u00fcd\u00fcrl\u00fc\u011f\u00fc ekipleri, \u0130n\u00f6n\u00fc Caddesi ve Atat\u00fcrk Caddesi\u2019nde s\u0131cak asfalt \u00e7al\u0131\u015fmas\u0131 yap\u0131lacak. Asfaltlama sonras\u0131 caddelerde \u00e7izgi ve logo \u00e7al\u0131\u015fmalar\u0131 yap\u0131lacak. Yenilenen caddeler daha g\u00fcvenli ve konforlu bir ula\u015f\u0131m sunacak.<\/p>\n<p>&#8220;K\u0131rsal mahallelere destek&#8221;<br \/>\n<br \/>Ayd\u0131n B\u00fcy\u00fck\u015fehir Belediyesi, S\u00f6ke\u2019nin K\u00f6pr\u00fcalan, Bay\u0131rdam\u0131 ve Demir\u00e7ay mahallelerinde zeytin \u00fcreticilerine y\u00f6nelik \u00f6nemli bir \u00e7al\u0131\u015fma ger\u00e7ekle\u015ftirdi. \u00dcreticilerin zeytin bah\u00e7elerine ve arazilerine ula\u015f\u0131m\u0131n\u0131 kolayla\u015ft\u0131rmak amac\u0131yla kullan\u0131lan yollar yenilendi. B\u00fcy\u00fck\u015fehir Belediyesi Fen \u0130\u015fleri Dairesi Ba\u015fkanl\u0131\u011f\u0131 ekipleri, bu \u00e7al\u0131\u015fmalar\u0131yla zeytin \u00fcreticilerine ve tar\u0131msal \u00fcretime b\u00fcy\u00fck bir destek sa\u011flad\u0131.<\/p>\n<p>&#8220;Ba\u015fkan Ar\u0131kan\u2019dan \u00d6zlem Ba\u015fkan\u2019a te\u015fekk\u00fcr&#8221;<br \/>\n<br \/>Ayd\u0131n B\u00fcy\u00fck\u015fehir Belediyesi, S\u00f6ke genelinde y\u00fcr\u00fctt\u00fc\u011f\u00fc \u00e7al\u0131\u015fmalarla il\u00e7enin ya\u015fam kalitesini art\u0131rmay\u0131 s\u00fcrd\u00fcr\u00fcrken, S\u00f6ke Belediye Ba\u015fkan\u0131 Dr. Mustafa \u0130berya Ar\u0131kan yap\u0131lan \u00e7al\u0131\u015fmalarla ilgili olarak B\u00fcy\u00fck\u015fehir Belediye Ba\u015fkan\u0131 \u00d6zlem \u00c7er\u00e7io\u011flu\u2019na te\u015fekk\u00fcr etti. Dayan\u0131\u015fma i\u00e7erisinde S\u00f6ke halk\u0131na hizmet etmek \u00fczere \u00e7al\u0131\u015fmalar\u0131n elbirli\u011fiyle s\u00fcrd\u00fcr\u00fcld\u00fc\u011f\u00fcn\u00fc ifade eden Ba\u015fkan Ar\u0131kan, \u201cBiz birlikte g\u00fc\u00e7l\u00fcy\u00fcz. Gerek S\u00f6ke Belediyesi gerekse B\u00fcy\u00fck\u015fehir Belediyesi olarak b\u00fcy\u00fck bir gayret i\u00e7inde \u00e7al\u0131\u015f\u0131yoruz. \u00d6zlem Ba\u015fkan\u0131m\u0131z\u0131n S\u00f6ke\u2019ye kazand\u0131rd\u0131\u011f\u0131 \u00e7ok k\u0131ymetli hizmetler ile daha g\u00fczel yar\u0131nlara y\u00fcr\u00fcyoruz\u201d dedi.<br \/><\/p>\n","protected":false},"excerpt":{"rendered":"<p>Ayd\u0131n B\u00fcy\u00fck\u015fehir Belediyesi ekipleri, S\u00f6ke il\u00e7esi merkez ve k\u0131rsal mahallelerinde ger\u00e7ekle\u015ftirdi\u011fi kapsaml\u0131 \u00e7al\u0131\u015fmalarla vatanda\u015flar\u0131n takdirini topluyor. \u00c7evre d\u00fczenlemesinden altyap\u0131 projelerine kadar bir\u00e7ok alanda y\u00fcr\u00fct\u00fclen faaliyetler, il\u00e7e sakinlerine daha konforlu ve temiz bir ya\u015fam sunuyor. B\u00fcy\u00fck\u015fehir Belediyesi \u00c7evre Koruma ve Kontrol Dairesi Ba\u015fkanl\u0131\u011f\u0131 ekipleri, S\u00f6ke\u2019de kapsaml\u0131 bir \u00e7evre bak\u0131m \u00e7al\u0131\u015fmas\u0131 ger\u00e7ekle\u015ftirdi. 6 ara\u00e7 ve 40 personelle&#8230;<\/p>\n","protected":false},"author":1,"featured_media":10867,"comment_status":"open","ping_status":"open","sticky":false,"template":"","format":"standard","meta":{"_crdt_document":"","footnotes":""},"categories":[127],"tags":[],"class_list":["post-10866","post","type-post","status-publish","format-standard","has-post-thumbnail","hentry","category-siyaset"],"_links":{"self":[{"href":"https:\/\/www.egemtv.com\/index.php?rest_route=\/wp\/v2\/posts\/10866","targetHints":{"allow":["GET"]}}],"collection":[{"href":"https:\/\/www.egemtv.com\/index.php?rest_route=\/wp\/v2\/posts"}],"about":[{"href":"https:\/\/www.egemtv.com\/index.php?rest_route=\/wp\/v2\/types\/post"}],"author":[{"embeddable":true,"href":"https:\/\/www.egemtv.com\/index.php?rest_route=\/wp\/v2\/users\/1"}],"replies":[{"embeddable":true,"href":"https:\/\/www.egemtv.com\/index.php?rest_route=%2Fwp%2Fv2%2Fcomments&post=10866"}],"version-history":[{"count":1,"href":"https:\/\/www.egemtv.com\/index.php?rest_route=\/wp\/v2\/posts\/10866\/revisions"}],"predecessor-version":[{"id":10868,"href":"https:\/\/www.egemtv.com\/index.php?rest_route=\/wp\/v2\/posts\/10866\/revisions\/10868"}],"wp:featuredmedia":[{"embeddable":true,"href":"https:\/\/www.egemtv.com\/index.php?rest_route=\/wp\/v2\/media\/10867"}],"wp:attachment":[{"href":"https:\/\/www.egemtv.com\/index.php?rest_route=%2Fwp%2Fv2%2Fmedia&parent=10866"}],"wp:term":[{"taxonomy":"category","embeddable":true,"href":"https:\/\/www.egemtv.com\/index.php?rest_route=%2Fwp%2Fv2%2Fcategories&post=10866"},{"taxonomy":"post_tag","embeddable":true,"href":"https:\/\/www.egemtv.com\/index.php?rest_route=%2Fwp%2Fv2%2Ftags&post=10866"}],"curies":[{"name":"wp","href":"https:\/\/api.w.org\/{rel}","templated":true}]}}