{"id":10863,"date":"2025-01-20T16:38:36","date_gmt":"2025-01-20T13:38:36","guid":{"rendered":"https:\/\/www.egemtv.com\/?p=10863"},"modified":"2025-01-20T16:38:38","modified_gmt":"2025-01-20T13:38:38","slug":"denizli-buyuksehirden-aricilara-ekipman-destegi","status":"publish","type":"post","link":"https:\/\/www.egemtv.com\/?p=10863","title":{"rendered":"Denizli B\u00fcy\u00fck\u015fehirden ar\u0131c\u0131lara ekipman deste\u011fi"},"content":{"rendered":"<p>Denizli B\u00fcy\u00fck\u015fehir Belediyesi, ar\u0131c\u0131l\u0131k faaliyetlerini desteklemek ve yerel \u00fcretimi te\u015fvik etmek amac\u0131yla, ar\u0131 yeti\u015ftiricilerine \u00f6zel bir ekipman deste\u011fi projesi ba\u015flatt\u0131.<\/p>\n<p>Denizli B\u00fcy\u00fck\u015fehir Belediyesi ar\u0131c\u0131lara ekipman deste\u011fi projesi ba\u015flatt\u0131. Proje kapsam\u0131nda, yeti\u015ftiricilere maske, k\u00f6r\u00fck, eldiven, s\u0131r tara\u011f\u0131 ve oksalik asitten olu\u015fan ekipman setleri \u00fccretsiz olarak da\u011f\u0131t\u0131lacak. Ar\u0131c\u0131l\u0131k faaliyetlerini desteklemek ve yerel \u00fcretimi te\u015fvik etmek amac\u0131yla olu\u015fturulan destekten faydalanmak isteyen ar\u0131c\u0131lar, 20 Ocak-3 \u015eubat 2024 tarihleri aras\u0131nda ba\u015fvurular\u0131n\u0131 ger\u00e7ekle\u015ftirebilecek. Ba\u015fvurular, Denizli B\u00fcy\u00fck\u015fehir Belediyesi\u2019nin resmi internet sitesi veya DESK\u0130 \u0130l\u00e7e Hizmet Birimleri \u00fczerinden yap\u0131labilecek. Ba\u015fvuruda bulunacak yeti\u015ftiricilerin, 2024 y\u0131l\u0131na ait Ar\u0131c\u0131l\u0131k Kay\u0131t Sistemi (AKS) belgesine sahip olmalar\u0131 gerekiyor. Ba\u015fvuru formuna eklenmesi gereken bu belge olmadan yap\u0131lan ba\u015fvurular kabul edilmeyecek. Ayr\u0131ca, ayn\u0131 haneden yaln\u0131zca bir ki\u015finin destekten faydalanabilece\u011fi a\u00e7\u0131kland\u0131. Ba\u015fvuru de\u011ferlendirmeleri tamamland\u0131ktan sonra hak sahibi olan ar\u0131c\u0131lara bilgilendirme mesaj\u0131 g\u00f6nderilecek.<\/p>\n<p>B\u00fcy\u00fck\u015fehir her zaman \u00fcreticinin yan\u0131nda<br \/>\n<br \/>Denizli B\u00fcy\u00fck\u015fehir Belediye Ba\u015fkan\u0131 B\u00fclent Nuri \u00c7avu\u015fo\u011flu, kentte ar\u0131c\u0131l\u0131\u011f\u0131n geli\u015fmesi ve bal \u00fcretiminin art\u0131r\u0131lmas\u0131n\u0131 \u00e7ok \u00f6nemsediklerini s\u00f6yledi. K\u0131rsal projeler ile kenti tar\u0131m ve hayvanc\u0131l\u0131kta aya\u011fa kald\u0131rmak istediklerini belirten Ba\u015fkan \u00c7avu\u015fo\u011flu, B\u00fcy\u00fck\u015fehir Belediyesi olarak her zaman \u00fcreticinin yan\u0131nda olduklar\u0131n\u0131 kaydetti.<br \/><\/p>\n","protected":false},"excerpt":{"rendered":"<p>Denizli B\u00fcy\u00fck\u015fehir Belediyesi, ar\u0131c\u0131l\u0131k faaliyetlerini desteklemek ve yerel \u00fcretimi te\u015fvik etmek amac\u0131yla, ar\u0131 yeti\u015ftiricilerine \u00f6zel bir ekipman deste\u011fi projesi ba\u015flatt\u0131. Denizli B\u00fcy\u00fck\u015fehir Belediyesi ar\u0131c\u0131lara ekipman deste\u011fi projesi ba\u015flatt\u0131. Proje kapsam\u0131nda, yeti\u015ftiricilere maske, k\u00f6r\u00fck, eldiven, s\u0131r tara\u011f\u0131 ve oksalik asitten olu\u015fan ekipman setleri \u00fccretsiz olarak da\u011f\u0131t\u0131lacak. Ar\u0131c\u0131l\u0131k faaliyetlerini desteklemek ve yerel \u00fcretimi te\u015fvik etmek amac\u0131yla olu\u015fturulan&#8230;<\/p>\n","protected":false},"author":1,"featured_media":10864,"comment_status":"open","ping_status":"open","sticky":false,"template":"","format":"standard","meta":{"_crdt_document":"","footnotes":""},"categories":[125],"tags":[],"class_list":["post-10863","post","type-post","status-publish","format-standard","has-post-thumbnail","hentry","category-ekonomi"],"_links":{"self":[{"href":"https:\/\/www.egemtv.com\/index.php?rest_route=\/wp\/v2\/posts\/10863","targetHints":{"allow":["GET"]}}],"collection":[{"href":"https:\/\/www.egemtv.com\/index.php?rest_route=\/wp\/v2\/posts"}],"about":[{"href":"https:\/\/www.egemtv.com\/index.php?rest_route=\/wp\/v2\/types\/post"}],"author":[{"embeddable":true,"href":"https:\/\/www.egemtv.com\/index.php?rest_route=\/wp\/v2\/users\/1"}],"replies":[{"embeddable":true,"href":"https:\/\/www.egemtv.com\/index.php?rest_route=%2Fwp%2Fv2%2Fcomments&post=10863"}],"version-history":[{"count":1,"href":"https:\/\/www.egemtv.com\/index.php?rest_route=\/wp\/v2\/posts\/10863\/revisions"}],"predecessor-version":[{"id":10865,"href":"https:\/\/www.egemtv.com\/index.php?rest_route=\/wp\/v2\/posts\/10863\/revisions\/10865"}],"wp:featuredmedia":[{"embeddable":true,"href":"https:\/\/www.egemtv.com\/index.php?rest_route=\/wp\/v2\/media\/10864"}],"wp:attachment":[{"href":"https:\/\/www.egemtv.com\/index.php?rest_route=%2Fwp%2Fv2%2Fmedia&parent=10863"}],"wp:term":[{"taxonomy":"category","embeddable":true,"href":"https:\/\/www.egemtv.com\/index.php?rest_route=%2Fwp%2Fv2%2Fcategories&post=10863"},{"taxonomy":"post_tag","embeddable":true,"href":"https:\/\/www.egemtv.com\/index.php?rest_route=%2Fwp%2Fv2%2Ftags&post=10863"}],"curies":[{"name":"wp","href":"https:\/\/api.w.org\/{rel}","templated":true}]}}