{"id":10860,"date":"2025-01-20T16:38:27","date_gmt":"2025-01-20T13:38:27","guid":{"rendered":"https:\/\/www.egemtv.com\/?p=10860"},"modified":"2025-01-20T16:38:29","modified_gmt":"2025-01-20T13:38:29","slug":"sokede-cocuklar-yariyil-etkinliklerini-keyifli-geciriyor","status":"publish","type":"post","link":"https:\/\/www.egemtv.com\/?p=10860","title":{"rendered":"S\u00f6ke\u2019de \u00e7ocuklar yar\u0131y\u0131l etkinliklerini keyifli ge\u00e7iriyor"},"content":{"rendered":"<p>S\u00f6ke Belediyesi, yar\u0131y\u0131l tatilinde \u00e7ocuklara unutulmaz bir karne hediyesi sundu. Efes K\u00fclt\u00fcr Merkezi\u2019nde bir araya gelen \u00e7ocuklar, yar\u0131y\u0131l etkinliklerinde \u00e7ok keyifli. Yar\u0131y\u0131l etkinlikleri ilk g\u00fcn\u00fcnde b\u00fcy\u00fck ilgi g\u00f6r\u00fcrken, \u00fccretsiz g\u00f6sterimler 24 Ocak tarihine kadar s\u00fcrecek.<\/p>\n<p>Etkinliklerin ilk g\u00fcn\u00fcnde geleneksel T\u00fcrk g\u00f6lge oyununu \u00e7ocuklarla bulu\u015fturan T\u00fcrkiye\u2019nin \u00f6nde gelen Karag\u00f6z ustalar\u0131ndan Suat Veral ve T\u00fcrkiye\u2019nin ilk kad\u0131n Karag\u00f6z sanat\u00e7\u0131s\u0131 Merve \u0130lken, performanslar\u0131yla b\u00fcy\u00fck be\u011feni toplad\u0131.<\/p>\n<p>Etkinli\u011fe, S\u00f6ke Belediye Ba\u015fkan Vekili Ege Berk Korkmaz ve Belediye Ba\u015fkan Yard\u0131mc\u0131s\u0131 Ya\u011f\u0131z Pullukcu da kat\u0131larak \u00e7ocuklar\u0131n sevincine ortak oldu. Korkmaz ve Pullukcu, etkinlik sonunda Suat Veral ve Merve \u0130lken\u2019e \u015fehir ad\u0131na te\u015fekk\u00fcrlerini sunarak \u00e7i\u00e7ek takdim etti.<\/p>\n<p>S\u00f6ke Belediye Ba\u015fkan\u0131 Dr. Mustafa \u0130berya Ar\u0131kan\u2019\u0131n yar\u0131y\u0131l hediyesi olarak \u00e7ocuklara hediyesi olarak d\u00fczenlenen etkinliklerde, \u00e7ocuklar e\u011fitici ve \u00f6\u011fretici g\u00f6sterimlerle bulu\u015ftururken ayn\u0131 zamanda keyifli anlar ya\u015famalar\u0131n\u0131 hedefliyor.<\/p>\n<p>21 Ocak Sal\u0131 Hansel ve Gretel Tiyatro G\u00f6sterisi, 22 Ocak \u00c7ar\u015famba By Harika Show, 23 Ocak Per\u015fembe Tembeller Ailesi Animasyon Filmi, 24 Ocak Cuma Elsa Tiyatro G\u00f6sterisi \u00e7ocuklarla bulu\u015facak.<\/p>\n<p>S\u00f6ke Belediyesi K\u00fclt\u00fcr etkinlikleri kapsam\u0131nda ger\u00e7ekle\u015fecek, her g\u00fcn iki seans halinde saat 14.00 ve 16.00\u2019da izleyicilerle bulu\u015facak g\u00f6sterimlere t\u00fcm \u00f6\u011frenciler davet ediliyor.<br \/><\/p>\n","protected":false},"excerpt":{"rendered":"<p>S\u00f6ke Belediyesi, yar\u0131y\u0131l tatilinde \u00e7ocuklara unutulmaz bir karne hediyesi sundu. Efes K\u00fclt\u00fcr Merkezi\u2019nde bir araya gelen \u00e7ocuklar, yar\u0131y\u0131l etkinliklerinde \u00e7ok keyifli. Yar\u0131y\u0131l etkinlikleri ilk g\u00fcn\u00fcnde b\u00fcy\u00fck ilgi g\u00f6r\u00fcrken, \u00fccretsiz g\u00f6sterimler 24 Ocak tarihine kadar s\u00fcrecek. Etkinliklerin ilk g\u00fcn\u00fcnde geleneksel T\u00fcrk g\u00f6lge oyununu \u00e7ocuklarla bulu\u015fturan T\u00fcrkiye\u2019nin \u00f6nde gelen Karag\u00f6z ustalar\u0131ndan Suat Veral ve T\u00fcrkiye\u2019nin ilk kad\u0131n&#8230;<\/p>\n","protected":false},"author":1,"featured_media":10861,"comment_status":"open","ping_status":"open","sticky":false,"template":"","format":"standard","meta":{"_crdt_document":"","footnotes":""},"categories":[1],"tags":[],"class_list":["post-10860","post","type-post","status-publish","format-standard","has-post-thumbnail","hentry","category-guncel"],"_links":{"self":[{"href":"https:\/\/www.egemtv.com\/index.php?rest_route=\/wp\/v2\/posts\/10860","targetHints":{"allow":["GET"]}}],"collection":[{"href":"https:\/\/www.egemtv.com\/index.php?rest_route=\/wp\/v2\/posts"}],"about":[{"href":"https:\/\/www.egemtv.com\/index.php?rest_route=\/wp\/v2\/types\/post"}],"author":[{"embeddable":true,"href":"https:\/\/www.egemtv.com\/index.php?rest_route=\/wp\/v2\/users\/1"}],"replies":[{"embeddable":true,"href":"https:\/\/www.egemtv.com\/index.php?rest_route=%2Fwp%2Fv2%2Fcomments&post=10860"}],"version-history":[{"count":1,"href":"https:\/\/www.egemtv.com\/index.php?rest_route=\/wp\/v2\/posts\/10860\/revisions"}],"predecessor-version":[{"id":10862,"href":"https:\/\/www.egemtv.com\/index.php?rest_route=\/wp\/v2\/posts\/10860\/revisions\/10862"}],"wp:featuredmedia":[{"embeddable":true,"href":"https:\/\/www.egemtv.com\/index.php?rest_route=\/wp\/v2\/media\/10861"}],"wp:attachment":[{"href":"https:\/\/www.egemtv.com\/index.php?rest_route=%2Fwp%2Fv2%2Fmedia&parent=10860"}],"wp:term":[{"taxonomy":"category","embeddable":true,"href":"https:\/\/www.egemtv.com\/index.php?rest_route=%2Fwp%2Fv2%2Fcategories&post=10860"},{"taxonomy":"post_tag","embeddable":true,"href":"https:\/\/www.egemtv.com\/index.php?rest_route=%2Fwp%2Fv2%2Ftags&post=10860"}],"curies":[{"name":"wp","href":"https:\/\/api.w.org\/{rel}","templated":true}]}}