{"id":10857,"date":"2025-01-20T16:38:25","date_gmt":"2025-01-20T13:38:25","guid":{"rendered":"https:\/\/www.egemtv.com\/?p=10857"},"modified":"2025-01-20T16:38:27","modified_gmt":"2025-01-20T13:38:27","slug":"agcde-devir-teslim-yapildi","status":"publish","type":"post","link":"https:\/\/www.egemtv.com\/?p=10857","title":{"rendered":"AGC\u2019de devir teslim yap\u0131ld\u0131"},"content":{"rendered":"<p>Ayd\u0131n Gazeteciler Cemiyeti(AGC) Ba\u015fkan\u0131 Ferdi Uzun, ger\u00e7ekle\u015ftirilen genel kurulda ba\u015fkan se\u00e7ilen Erman \u00c7etin\u2019e g\u00f6revini devretti.<\/p>\n<p>AGC, Cumartesi g\u00fcn\u00fc genel kurul yapt\u0131. Genel kurulda Erman \u00c7etin ve Veysel Karahan y\u00f6netimleriyle birlikte ba\u015fkanl\u0131\u011fa talip oldu. AGC \u00fcyelerinin oy kullanma i\u015fleminin ard\u0131ndan ba\u015fkan Erman \u00c7etin se\u00e7ildi. AGC Ba\u015fkan\u0131 Ferdi Uzun bug\u00fcn cemiyet binas\u0131nda d\u00fczenlenen devir teslim t\u00f6reninde g\u00f6revini yeni ba\u015fkan Erman \u00c7etin\u2019e devretti. \u00c7etin\u2019i y\u00f6netimi ve gazeteciler yaln\u0131z b\u0131rakmad\u0131.<\/p>\n<p>Devir teslim t\u00f6reninde konu\u015fan Ba\u015fkan Ferdi Uzun, \u201cZaman su gibi ak\u0131p ge\u00e7iyor. 3 y\u0131l \u00f6nce di\u011fer binam\u0131zda Semra \u015eener ba\u015fkan\u0131m\u0131zdan g\u00f6revi devralm\u0131\u015ft\u0131k. Bizim i\u00e7in \u00e7ok iyi bir heyecand\u0131. Bence baz\u0131 durumlarda insanlar koltuklar\u0131n\u0131 b\u0131rakabilmeli. Biz a\u00e7\u0131k\u00e7as\u0131 bunu g\u00f6stermek istedik. Bundan dolay\u0131 ben aday olmad\u0131m. Aday yolculu\u011funa Erman \u00c7etin ve Veysel Karahan \u00e7\u0131kt\u0131. Netice itibariyle demokrasinin gere\u011fi sand\u0131ktan Erman \u00c7etin \u00e7\u0131kt\u0131. Kendisini kutluyorum. Her ne kadar se\u00e7im s\u00fcrecinde istenmeyen durumlar ya\u015fansa da bu durumu kabul etmedi\u011fimizi \u00f6zellikle belirtmek istiyorum. Sonu\u00e7ta birileri aday \u00e7\u0131kar. Birileri oy verir birileri oy vermez. \u00d6nemli olan g\u00f6reve gelindi\u011finde bunlar\u0131 bir kenara b\u0131rak\u0131p herkesin ba\u015fkan\u0131 olarak yola devam etmektir. \u00c7\u00fcnk\u00fc as\u0131l olan AGC\u2019dir. Erman \u00c7etin ba\u015fkan\u0131m\u0131z da ayn\u0131 do\u011frultuda g\u00f6revine devam edece\u011fine inan\u0131yorum. Kendisine ve y\u00f6netimine \u015fimdiden ba\u015far\u0131lar diliyorum\u201d dedi.<\/p>\n<p>G\u00f6revi devralan Ba\u015fkan Erman \u00c7etin, gazetecilik kariyerinde kendisi i\u00e7in \u00f6nemli bir d\u00f6n\u00fcm noktas\u0131 oldu\u011funu s\u00f6yledi. Genel kurulda kendisine ve y\u00f6netimine g\u00f6sterilen tevecc\u00fchten dolay\u0131 te\u015fekk\u00fcr eden Ba\u015fkan \u00c7etin, \u201cBiz vatanda\u015flar ad\u0131na kamu denet\u00e7ili\u011fi yapan insanlar\u0131z. Gazetecinin de itibar\u0131n\u0131 artt\u0131rarak daha g\u00fcr sesle g\u00fczel i\u015fler yapmay\u0131 temenni ediyoruz. Bu da sizlerin deste\u011fi ile olacak\u201d dedi.<\/p>\n<p>\u201cKoltuktan g\u00fc\u00e7 alan de\u011fil koltu\u011fa g\u00fc\u00e7 verenlerden olmak istiyoruz\u201d diyen Ba\u015fkan \u00c7etin, \u201cBunun yap\u0131labilirli\u011fi noktas\u0131nda AGC\u2019nin \u00f6rnek bir rol model \u00fcstlendi\u011fi bir organizasyon oldu\u011funu herkese ispatlamak hedefindeyiz. Ferdi Uzun ba\u015fkan\u0131m\u0131z ve y\u00f6netimine bug\u00fcne kadar yapt\u0131\u011f\u0131 g\u00f6rev i\u00e7in te\u015fekk\u00fcr ederim. Sizden bu emaneti devralarak daha iyi noktaya g\u00f6t\u00fcrmenin \u015fiar\u0131yla g\u00f6rev yapaca\u011f\u0131z\u201d diye konu\u015ftu.<\/p>\n<p>Ba\u015fkan \u00c7etin, bug\u00fcne kadar yapt\u0131\u011f\u0131 g\u00f6rev i\u00e7in Uzun\u2019a te\u015fekk\u00fcr edip \u00e7i\u00e7ek takdim etti.<br \/><\/p>\n","protected":false},"excerpt":{"rendered":"<p>Ayd\u0131n Gazeteciler Cemiyeti(AGC) Ba\u015fkan\u0131 Ferdi Uzun, ger\u00e7ekle\u015ftirilen genel kurulda ba\u015fkan se\u00e7ilen Erman \u00c7etin\u2019e g\u00f6revini devretti. AGC, Cumartesi g\u00fcn\u00fc genel kurul yapt\u0131. Genel kurulda Erman \u00c7etin ve Veysel Karahan y\u00f6netimleriyle birlikte ba\u015fkanl\u0131\u011fa talip oldu. AGC \u00fcyelerinin oy kullanma i\u015fleminin ard\u0131ndan ba\u015fkan Erman \u00c7etin se\u00e7ildi. AGC Ba\u015fkan\u0131 Ferdi Uzun bug\u00fcn cemiyet binas\u0131nda d\u00fczenlenen devir teslim t\u00f6reninde g\u00f6revini&#8230;<\/p>\n","protected":false},"author":1,"featured_media":10858,"comment_status":"open","ping_status":"open","sticky":false,"template":"","format":"standard","meta":{"_crdt_document":"","footnotes":""},"categories":[1],"tags":[],"class_list":["post-10857","post","type-post","status-publish","format-standard","has-post-thumbnail","hentry","category-guncel"],"_links":{"self":[{"href":"https:\/\/www.egemtv.com\/index.php?rest_route=\/wp\/v2\/posts\/10857","targetHints":{"allow":["GET"]}}],"collection":[{"href":"https:\/\/www.egemtv.com\/index.php?rest_route=\/wp\/v2\/posts"}],"about":[{"href":"https:\/\/www.egemtv.com\/index.php?rest_route=\/wp\/v2\/types\/post"}],"author":[{"embeddable":true,"href":"https:\/\/www.egemtv.com\/index.php?rest_route=\/wp\/v2\/users\/1"}],"replies":[{"embeddable":true,"href":"https:\/\/www.egemtv.com\/index.php?rest_route=%2Fwp%2Fv2%2Fcomments&post=10857"}],"version-history":[{"count":1,"href":"https:\/\/www.egemtv.com\/index.php?rest_route=\/wp\/v2\/posts\/10857\/revisions"}],"predecessor-version":[{"id":10859,"href":"https:\/\/www.egemtv.com\/index.php?rest_route=\/wp\/v2\/posts\/10857\/revisions\/10859"}],"wp:featuredmedia":[{"embeddable":true,"href":"https:\/\/www.egemtv.com\/index.php?rest_route=\/wp\/v2\/media\/10858"}],"wp:attachment":[{"href":"https:\/\/www.egemtv.com\/index.php?rest_route=%2Fwp%2Fv2%2Fmedia&parent=10857"}],"wp:term":[{"taxonomy":"category","embeddable":true,"href":"https:\/\/www.egemtv.com\/index.php?rest_route=%2Fwp%2Fv2%2Fcategories&post=10857"},{"taxonomy":"post_tag","embeddable":true,"href":"https:\/\/www.egemtv.com\/index.php?rest_route=%2Fwp%2Fv2%2Ftags&post=10857"}],"curies":[{"name":"wp","href":"https:\/\/api.w.org\/{rel}","templated":true}]}}