{"id":10854,"date":"2025-01-20T16:38:23","date_gmt":"2025-01-20T13:38:23","guid":{"rendered":"https:\/\/www.egemtv.com\/?p=10854"},"modified":"2025-01-20T16:38:25","modified_gmt":"2025-01-20T13:38:25","slug":"muglada-2025-yilinin-ilk-orman-yangini","status":"publish","type":"post","link":"https:\/\/www.egemtv.com\/?p=10854","title":{"rendered":"Mu\u011fla\u2019da 2025 y\u0131l\u0131n\u0131n ilk orman yang\u0131n\u0131"},"content":{"rendered":"<p>Mu\u011fla\u2019n\u0131n Fethiye il\u00e7esinde \u00e7\u0131k\u0131\u015f nedeni belirlenemeyen orman yang\u0131n\u0131 itfaiye ve orman ekiplerinin zaman\u0131nda m\u00fcdahalesi ile s\u00f6nd\u00fcr\u00fcld\u00fc.<br \/>\n<br \/>Fethiye \u0130ncirk\u00f6y Mahallesinde ormanl\u0131k alanda ba\u015flayan yang\u0131n sonras\u0131 112 Acil \u00c7a\u011fr\u0131 Merkezine bilgi verildi. B\u00f6lgeye Mu\u011fla B\u00fcy\u00fck\u015fehir Belediyesi Mu\u011fla B\u00fcy\u00fck\u015fehir Belediyesi Fethiye itfaiye grup amirli\u011fi ekipleri ve Fethiye Orman \u0130\u015fletme M\u00fcd\u00fcrl\u00fc\u011f\u00fc ekipleri sevk edildi.<br \/>\n<br \/>Orman ve \u0130tfaiye ekiplerinin zaman\u0131nda m\u00fcdahale etti\u011fi orman yang\u0131n\u0131 k\u0131sa s\u00fcrede kontrol alt\u0131na al\u0131nd\u0131. Yang\u0131n sonras\u0131 yanan sahada so\u011futma \u00e7al\u0131\u015fmas\u0131 yap\u0131ld\u0131.<br \/><\/p>\n","protected":false},"excerpt":{"rendered":"<p>Mu\u011fla\u2019n\u0131n Fethiye il\u00e7esinde \u00e7\u0131k\u0131\u015f nedeni belirlenemeyen orman yang\u0131n\u0131 itfaiye ve orman ekiplerinin zaman\u0131nda m\u00fcdahalesi ile s\u00f6nd\u00fcr\u00fcld\u00fc. Fethiye \u0130ncirk\u00f6y Mahallesinde ormanl\u0131k alanda ba\u015flayan yang\u0131n sonras\u0131 112 Acil \u00c7a\u011fr\u0131 Merkezine bilgi verildi. B\u00f6lgeye Mu\u011fla B\u00fcy\u00fck\u015fehir Belediyesi Mu\u011fla B\u00fcy\u00fck\u015fehir Belediyesi Fethiye itfaiye grup amirli\u011fi ekipleri ve Fethiye Orman \u0130\u015fletme M\u00fcd\u00fcrl\u00fc\u011f\u00fc ekipleri sevk edildi. Orman ve \u0130tfaiye ekiplerinin zaman\u0131nda&#8230;<\/p>\n","protected":false},"author":1,"featured_media":10855,"comment_status":"open","ping_status":"open","sticky":false,"template":"","format":"standard","meta":{"_crdt_document":"","footnotes":""},"categories":[5],"tags":[],"class_list":["post-10854","post","type-post","status-publish","format-standard","has-post-thumbnail","hentry","category-asayis"],"_links":{"self":[{"href":"https:\/\/www.egemtv.com\/index.php?rest_route=\/wp\/v2\/posts\/10854","targetHints":{"allow":["GET"]}}],"collection":[{"href":"https:\/\/www.egemtv.com\/index.php?rest_route=\/wp\/v2\/posts"}],"about":[{"href":"https:\/\/www.egemtv.com\/index.php?rest_route=\/wp\/v2\/types\/post"}],"author":[{"embeddable":true,"href":"https:\/\/www.egemtv.com\/index.php?rest_route=\/wp\/v2\/users\/1"}],"replies":[{"embeddable":true,"href":"https:\/\/www.egemtv.com\/index.php?rest_route=%2Fwp%2Fv2%2Fcomments&post=10854"}],"version-history":[{"count":1,"href":"https:\/\/www.egemtv.com\/index.php?rest_route=\/wp\/v2\/posts\/10854\/revisions"}],"predecessor-version":[{"id":10856,"href":"https:\/\/www.egemtv.com\/index.php?rest_route=\/wp\/v2\/posts\/10854\/revisions\/10856"}],"wp:featuredmedia":[{"embeddable":true,"href":"https:\/\/www.egemtv.com\/index.php?rest_route=\/wp\/v2\/media\/10855"}],"wp:attachment":[{"href":"https:\/\/www.egemtv.com\/index.php?rest_route=%2Fwp%2Fv2%2Fmedia&parent=10854"}],"wp:term":[{"taxonomy":"category","embeddable":true,"href":"https:\/\/www.egemtv.com\/index.php?rest_route=%2Fwp%2Fv2%2Fcategories&post=10854"},{"taxonomy":"post_tag","embeddable":true,"href":"https:\/\/www.egemtv.com\/index.php?rest_route=%2Fwp%2Fv2%2Ftags&post=10854"}],"curies":[{"name":"wp","href":"https:\/\/api.w.org\/{rel}","templated":true}]}}