{"id":10851,"date":"2025-01-20T16:38:22","date_gmt":"2025-01-20T13:38:22","guid":{"rendered":"https:\/\/www.egemtv.com\/?p=10851"},"modified":"2025-01-20T16:38:23","modified_gmt":"2025-01-20T13:38:23","slug":"izmirde-okulda-alkol-icen-ogretmenler-gorevden-uzaklastirildi","status":"publish","type":"post","link":"https:\/\/www.egemtv.com\/?p=10851","title":{"rendered":"\u0130zmir\u2019de okulda alkol i\u00e7en \u00f6\u011fretmenler g\u00f6revden uzakla\u015ft\u0131r\u0131ld\u0131"},"content":{"rendered":"<p>\u0130zmir\u2019in Bornova il\u00e7esinde bir ortaokulda, okul bah\u00e7esinde \u015fampanya patlatan ve okul i\u00e7erisinde alkol i\u00e7en okul idaresi ve \u00f6\u011fretmenler hakk\u0131nda g\u00f6revden uzakla\u015ft\u0131rma karar\u0131 verildi.<\/p>\n<p>Ge\u00e7ti\u011fimiz Haziran ay\u0131nda Bornova Yahya Kemal Beyatl\u0131 Ortaokulundaki mezuniyet t\u00f6reninde, Beden E\u011fitimi \u00f6\u011fretmeni oldu\u011fu \u00f6\u011frenilen bir ki\u015finin okul bah\u00e7esinde \u015fampanya patlatt\u0131\u011f\u0131 g\u00f6r\u00fcnt\u00fcn\u00fcn ard\u0131ndan \u0130zmir \u0130l Milli E\u011fitim M\u00fcd\u00fcrl\u00fc\u011f\u00fc taraf\u0131ndan soru\u015fturma ba\u015flat\u0131ld\u0131. Okuldaki tepki \u00e7eken g\u00f6r\u00fcnt\u00fclerin ard\u0131ndan yeni bir video ortaya \u00e7\u0131kt\u0131. G\u00f6r\u00fcnt\u00fcde \u00f6\u011fretmenlerin okul i\u00e7erisinde dans ederek \u015fampanya i\u00e7tikleri g\u00f6r\u00fcld\u00fc. \u00d6\u011fretmenlerin okul i\u00e7erisinde i\u00e7ki i\u00e7ti\u011fi g\u00f6r\u00fcnt\u00fcler de yine veliler taraf\u0131ndan tepkiyle kar\u015f\u0131land\u0131.<\/p>\n<p>G\u00f6revden uzakla\u015ft\u0131r\u0131ld\u0131lar<br \/>\n<br \/>\u0130zmir \u0130l Milli E\u011fitim M\u00fcd\u00fcrl\u00fc\u011f\u00fc taraf\u0131ndan ba\u015flat\u0131lan soru\u015fturman\u0131n ard\u0131ndan g\u00f6r\u00fcnt\u00fcdeki 6\u2019s\u0131 \u00f6\u011fretmen 4\u2019\u00fc okul idarecisi 10 e\u011fitimci g\u00f6revden uzakla\u015ft\u0131r\u0131ld\u0131. Yap\u0131lan a\u00e7\u0131klamada \u015fu s\u00f6zlere yer verildi: &#8220;\u0130limiz Bornova il\u00e7esi Yahya Kemal Beyatl\u0131 Ortaokulunda 6 Haziran 2024 tarihinde ger\u00e7ekle\u015fen ve bas\u0131na yans\u0131yan g\u00f6r\u00fcnt\u00fclere ili\u015fkin olarak, okul idaresi ve g\u00f6r\u00fcnt\u00fcde ge\u00e7en \u00f6\u011fretmenlere g\u00f6revden uzakla\u015ft\u0131rma tedbiri uygulanm\u0131\u015ft\u0131r. Kamuoyunun bilgisine sayg\u0131yla duyurulur.&#8221;<br \/><\/p>\n","protected":false},"excerpt":{"rendered":"<p>\u0130zmir\u2019in Bornova il\u00e7esinde bir ortaokulda, okul bah\u00e7esinde \u015fampanya patlatan ve okul i\u00e7erisinde alkol i\u00e7en okul idaresi ve \u00f6\u011fretmenler hakk\u0131nda g\u00f6revden uzakla\u015ft\u0131rma karar\u0131 verildi. Ge\u00e7ti\u011fimiz Haziran ay\u0131nda Bornova Yahya Kemal Beyatl\u0131 Ortaokulundaki mezuniyet t\u00f6reninde, Beden E\u011fitimi \u00f6\u011fretmeni oldu\u011fu \u00f6\u011frenilen bir ki\u015finin okul bah\u00e7esinde \u015fampanya patlatt\u0131\u011f\u0131 g\u00f6r\u00fcnt\u00fcn\u00fcn ard\u0131ndan \u0130zmir \u0130l Milli E\u011fitim M\u00fcd\u00fcrl\u00fc\u011f\u00fc taraf\u0131ndan soru\u015fturma ba\u015flat\u0131ld\u0131. Okuldaki&#8230;<\/p>\n","protected":false},"author":1,"featured_media":10852,"comment_status":"open","ping_status":"open","sticky":false,"template":"","format":"standard","meta":{"_crdt_document":"","footnotes":""},"categories":[5],"tags":[],"class_list":["post-10851","post","type-post","status-publish","format-standard","has-post-thumbnail","hentry","category-asayis"],"_links":{"self":[{"href":"https:\/\/www.egemtv.com\/index.php?rest_route=\/wp\/v2\/posts\/10851","targetHints":{"allow":["GET"]}}],"collection":[{"href":"https:\/\/www.egemtv.com\/index.php?rest_route=\/wp\/v2\/posts"}],"about":[{"href":"https:\/\/www.egemtv.com\/index.php?rest_route=\/wp\/v2\/types\/post"}],"author":[{"embeddable":true,"href":"https:\/\/www.egemtv.com\/index.php?rest_route=\/wp\/v2\/users\/1"}],"replies":[{"embeddable":true,"href":"https:\/\/www.egemtv.com\/index.php?rest_route=%2Fwp%2Fv2%2Fcomments&post=10851"}],"version-history":[{"count":1,"href":"https:\/\/www.egemtv.com\/index.php?rest_route=\/wp\/v2\/posts\/10851\/revisions"}],"predecessor-version":[{"id":10853,"href":"https:\/\/www.egemtv.com\/index.php?rest_route=\/wp\/v2\/posts\/10851\/revisions\/10853"}],"wp:featuredmedia":[{"embeddable":true,"href":"https:\/\/www.egemtv.com\/index.php?rest_route=\/wp\/v2\/media\/10852"}],"wp:attachment":[{"href":"https:\/\/www.egemtv.com\/index.php?rest_route=%2Fwp%2Fv2%2Fmedia&parent=10851"}],"wp:term":[{"taxonomy":"category","embeddable":true,"href":"https:\/\/www.egemtv.com\/index.php?rest_route=%2Fwp%2Fv2%2Fcategories&post=10851"},{"taxonomy":"post_tag","embeddable":true,"href":"https:\/\/www.egemtv.com\/index.php?rest_route=%2Fwp%2Fv2%2Ftags&post=10851"}],"curies":[{"name":"wp","href":"https:\/\/api.w.org\/{rel}","templated":true}]}}