{"id":10848,"date":"2025-01-20T16:38:19","date_gmt":"2025-01-20T13:38:19","guid":{"rendered":"https:\/\/www.egemtv.com\/?p=10848"},"modified":"2025-01-20T16:38:21","modified_gmt":"2025-01-20T13:38:21","slug":"yakit-dolu-tanker-alev-aldi","status":"publish","type":"post","link":"https:\/\/www.egemtv.com\/?p=10848","title":{"rendered":"Yak\u0131t dolu tanker alev ald\u0131"},"content":{"rendered":"<p>Mu\u011fla\u2019n\u0131n Fethiye il\u00e7esi G\u00f6cek Mahallesinde tankerinde akaryak\u0131t dolu olan kamyonet motor k\u0131sm\u0131nda ba\u015flayan yang\u0131n sonras\u0131 ate\u015f topuna d\u00f6nd\u00fc.<br \/>\n<br \/>Vatanda\u015flar taraf\u0131ndan 112 Acil \u00c7a\u011fr\u0131 Merkezine G\u00f6cek Mahallesinde tankerinde mazot y\u00fckle kamyonetin kupas\u0131n\u0131n yanmakta oldu\u011fu bildirildi. Olay yerine Mu\u011fla B\u00fcy\u00fck\u015fehir Belediyesi Fethiye ve Dalaman \u0130tfaiye ekipleri, polis, jandarma ve sa\u011fl\u0131k ekipleri sevk edildi.<br \/>\n<br \/>B\u00fcy\u00fck\u015fehir Belediyesine ba\u011fl\u0131 Dalaman ve Fethiye itfaiye grup amirli\u011fi ekipleri taraf\u0131ndan yang\u0131n b\u00fcy\u00fcmeden s\u00f6nd\u00fcr\u00fclerek so\u011futma \u00e7al\u0131\u015fmas\u0131 yap\u0131ld\u0131. Yang\u0131nda kamyonetin i\u00e7 k\u0131sm\u0131 tamamen yanarken, yang\u0131n\u0131n \u00e7\u0131k\u0131\u015f nedeninin motor aksam\u0131 oldu\u011fu \u00f6\u011frenildi.<br \/><\/p>\n","protected":false},"excerpt":{"rendered":"<p>Mu\u011fla\u2019n\u0131n Fethiye il\u00e7esi G\u00f6cek Mahallesinde tankerinde akaryak\u0131t dolu olan kamyonet motor k\u0131sm\u0131nda ba\u015flayan yang\u0131n sonras\u0131 ate\u015f topuna d\u00f6nd\u00fc. Vatanda\u015flar taraf\u0131ndan 112 Acil \u00c7a\u011fr\u0131 Merkezine G\u00f6cek Mahallesinde tankerinde mazot y\u00fckle kamyonetin kupas\u0131n\u0131n yanmakta oldu\u011fu bildirildi. Olay yerine Mu\u011fla B\u00fcy\u00fck\u015fehir Belediyesi Fethiye ve Dalaman \u0130tfaiye ekipleri, polis, jandarma ve sa\u011fl\u0131k ekipleri sevk edildi. B\u00fcy\u00fck\u015fehir Belediyesine ba\u011fl\u0131 Dalaman&#8230;<\/p>\n","protected":false},"author":1,"featured_media":10849,"comment_status":"open","ping_status":"open","sticky":false,"template":"","format":"standard","meta":{"_crdt_document":"","footnotes":""},"categories":[5],"tags":[],"class_list":["post-10848","post","type-post","status-publish","format-standard","has-post-thumbnail","hentry","category-asayis"],"_links":{"self":[{"href":"https:\/\/www.egemtv.com\/index.php?rest_route=\/wp\/v2\/posts\/10848","targetHints":{"allow":["GET"]}}],"collection":[{"href":"https:\/\/www.egemtv.com\/index.php?rest_route=\/wp\/v2\/posts"}],"about":[{"href":"https:\/\/www.egemtv.com\/index.php?rest_route=\/wp\/v2\/types\/post"}],"author":[{"embeddable":true,"href":"https:\/\/www.egemtv.com\/index.php?rest_route=\/wp\/v2\/users\/1"}],"replies":[{"embeddable":true,"href":"https:\/\/www.egemtv.com\/index.php?rest_route=%2Fwp%2Fv2%2Fcomments&post=10848"}],"version-history":[{"count":1,"href":"https:\/\/www.egemtv.com\/index.php?rest_route=\/wp\/v2\/posts\/10848\/revisions"}],"predecessor-version":[{"id":10850,"href":"https:\/\/www.egemtv.com\/index.php?rest_route=\/wp\/v2\/posts\/10848\/revisions\/10850"}],"wp:featuredmedia":[{"embeddable":true,"href":"https:\/\/www.egemtv.com\/index.php?rest_route=\/wp\/v2\/media\/10849"}],"wp:attachment":[{"href":"https:\/\/www.egemtv.com\/index.php?rest_route=%2Fwp%2Fv2%2Fmedia&parent=10848"}],"wp:term":[{"taxonomy":"category","embeddable":true,"href":"https:\/\/www.egemtv.com\/index.php?rest_route=%2Fwp%2Fv2%2Fcategories&post=10848"},{"taxonomy":"post_tag","embeddable":true,"href":"https:\/\/www.egemtv.com\/index.php?rest_route=%2Fwp%2Fv2%2Ftags&post=10848"}],"curies":[{"name":"wp","href":"https:\/\/api.w.org\/{rel}","templated":true}]}}