{"id":10839,"date":"2025-01-20T16:38:13","date_gmt":"2025-01-20T13:38:13","guid":{"rendered":"https:\/\/www.egemtv.com\/?p=10839"},"modified":"2025-01-20T16:38:14","modified_gmt":"2025-01-20T13:38:14","slug":"isparta-gelendost-belediye-baskani-mustafa-ozmen-iyi-partiden-istifa-etti","status":"publish","type":"post","link":"https:\/\/www.egemtv.com\/?p=10839","title":{"rendered":"Isparta Gelendost Belediye Ba\u015fkan\u0131 Mustafa \u00d6zmen \u0130Y\u0130 Parti\u2019den istifa etti"},"content":{"rendered":"<p>Isparta\u2019n\u0131n Gelendost \u0130l\u00e7esi Belediye Ba\u015fkan\u0131 Mustafa \u00d6zmen, \u0130Y\u0130 Parti\u2019den istifa etti\u011fini a\u00e7\u0131klad\u0131.<br \/>\n<br \/>Belediye Ba\u015fkan\u0131 Mustafa \u00d6zmen, \u0130Y\u0130 Parti\u2019den istifa etti\u011fini a\u00e7\u0131klad\u0131. Karar\u0131n\u0131 sosyal medya hesab\u0131ndan yaz\u0131l\u0131 bir a\u00e7\u0131klamayla duyuran \u00d6zmen, bu ad\u0131m\u0131 Gelendost\u2019un gelece\u011fi ve birliktelik anlay\u0131\u015f\u0131 do\u011frultusunda att\u0131\u011f\u0131n\u0131 belirterek yeni siyasi haritas\u0131n\u0131 ilerleyen g\u00fcnlerde a\u00e7\u0131klayaca\u011f\u0131n\u0131 ifade etti.<\/p>\n<p>\u00d6zmen, yapt\u0131\u011f\u0131 a\u00e7\u0131klamada \u015funlar\u0131 s\u00f6yledi:<br \/>\n<br \/>&#8220;Gelendost\u2019ta hizmet etme onurunu ya\u015fad\u0131\u011f\u0131m bu s\u00fcre\u00e7te, sizlerin g\u00fcvenine lay\u0131k olabilmek i\u00e7in gece g\u00fcnd\u00fcz \u00e7al\u0131\u015ft\u0131m. G\u00f6rev s\u00fcrem boyunca, il\u00e7emizin sorunlar\u0131n\u0131 \u00e7\u00f6zmek ve halk\u0131m\u0131z\u0131n ihtiya\u00e7lar\u0131n\u0131 kar\u015f\u0131lamak ad\u0131na elimden gelenin en iyisini yapmaya gayret ettim. Ancak bug\u00fcn, Gelendost\u2019un gelece\u011fiyle ilgili \u00f6nemli bir karar\u0131m\u0131 siz de\u011ferli hem\u015fehrilerimle payla\u015fmak istiyorum. \u0130l\u00e7emizde b\u00fct\u00fcnle\u015ftirici ve kapsay\u0131c\u0131 bir birliktelik sa\u011flamak ad\u0131na, mensubu oldu\u011fum \u0130Y\u0130 Parti\u2019den istifa etme karar\u0131 ald\u0131m. Bu karar\u0131 al\u0131rken, \u00fclkemizin ihtiya\u00e7 duydu\u011fu birli\u011fe katk\u0131 sa\u011flamak ve il\u00e7emizi hak etti\u011fi hizmetlerle bulu\u015fturmak i\u00e7in en do\u011fru ad\u0131m\u0131 atmaya \u00f6zen g\u00f6sterdim. S\u00f6z konusu vatan oldu\u011funda siyasi tercihler farkl\u0131l\u0131k g\u00f6sterebilir; ancak halk\u0131m\u0131za duydu\u011fum sevgi ve hizmet a\u015fk\u0131, her zaman \u00f6nceli\u011fim olmaya devam edecektir. Bu vesileyle, bug\u00fcne kadar birlikte \u00e7al\u0131\u015ft\u0131\u011f\u0131m t\u00fcm te\u015fkilat mensuplar\u0131na ve bana destek olan t\u00fcm Gelendost halk\u0131na te\u015fekk\u00fcr ediyorum. Birlik ve beraberlik i\u00e7inde Gelendost\u2019umuzu daha g\u00fczel yar\u0131nlara ta\u015f\u0131yaca\u011f\u0131m\u0131za olan inanc\u0131m tamd\u0131r.&#8221;<br \/><\/p>\n","protected":false},"excerpt":{"rendered":"<p>Isparta\u2019n\u0131n Gelendost \u0130l\u00e7esi Belediye Ba\u015fkan\u0131 Mustafa \u00d6zmen, \u0130Y\u0130 Parti\u2019den istifa etti\u011fini a\u00e7\u0131klad\u0131. Belediye Ba\u015fkan\u0131 Mustafa \u00d6zmen, \u0130Y\u0130 Parti\u2019den istifa etti\u011fini a\u00e7\u0131klad\u0131. Karar\u0131n\u0131 sosyal medya hesab\u0131ndan yaz\u0131l\u0131 bir a\u00e7\u0131klamayla duyuran \u00d6zmen, bu ad\u0131m\u0131 Gelendost\u2019un gelece\u011fi ve birliktelik anlay\u0131\u015f\u0131 do\u011frultusunda att\u0131\u011f\u0131n\u0131 belirterek yeni siyasi haritas\u0131n\u0131 ilerleyen g\u00fcnlerde a\u00e7\u0131klayaca\u011f\u0131n\u0131 ifade etti. \u00d6zmen, yapt\u0131\u011f\u0131 a\u00e7\u0131klamada \u015funlar\u0131 s\u00f6yledi: &#8220;Gelendost\u2019ta hizmet&#8230;<\/p>\n","protected":false},"author":1,"featured_media":10840,"comment_status":"open","ping_status":"open","sticky":false,"template":"","format":"standard","meta":{"_crdt_document":"","footnotes":""},"categories":[127],"tags":[],"class_list":["post-10839","post","type-post","status-publish","format-standard","has-post-thumbnail","hentry","category-siyaset"],"_links":{"self":[{"href":"https:\/\/www.egemtv.com\/index.php?rest_route=\/wp\/v2\/posts\/10839","targetHints":{"allow":["GET"]}}],"collection":[{"href":"https:\/\/www.egemtv.com\/index.php?rest_route=\/wp\/v2\/posts"}],"about":[{"href":"https:\/\/www.egemtv.com\/index.php?rest_route=\/wp\/v2\/types\/post"}],"author":[{"embeddable":true,"href":"https:\/\/www.egemtv.com\/index.php?rest_route=\/wp\/v2\/users\/1"}],"replies":[{"embeddable":true,"href":"https:\/\/www.egemtv.com\/index.php?rest_route=%2Fwp%2Fv2%2Fcomments&post=10839"}],"version-history":[{"count":1,"href":"https:\/\/www.egemtv.com\/index.php?rest_route=\/wp\/v2\/posts\/10839\/revisions"}],"predecessor-version":[{"id":10841,"href":"https:\/\/www.egemtv.com\/index.php?rest_route=\/wp\/v2\/posts\/10839\/revisions\/10841"}],"wp:featuredmedia":[{"embeddable":true,"href":"https:\/\/www.egemtv.com\/index.php?rest_route=\/wp\/v2\/media\/10840"}],"wp:attachment":[{"href":"https:\/\/www.egemtv.com\/index.php?rest_route=%2Fwp%2Fv2%2Fmedia&parent=10839"}],"wp:term":[{"taxonomy":"category","embeddable":true,"href":"https:\/\/www.egemtv.com\/index.php?rest_route=%2Fwp%2Fv2%2Fcategories&post=10839"},{"taxonomy":"post_tag","embeddable":true,"href":"https:\/\/www.egemtv.com\/index.php?rest_route=%2Fwp%2Fv2%2Ftags&post=10839"}],"curies":[{"name":"wp","href":"https:\/\/api.w.org\/{rel}","templated":true}]}}