{"id":10836,"date":"2025-01-20T16:38:10","date_gmt":"2025-01-20T13:38:10","guid":{"rendered":"https:\/\/www.egemtv.com\/?p=10836"},"modified":"2025-01-20T16:38:12","modified_gmt":"2025-01-20T13:38:12","slug":"baskan-tetik-2025-somestr-cup-futbol-senliginde-sporcularla-bulustu","status":"publish","type":"post","link":"https:\/\/www.egemtv.com\/?p=10836","title":{"rendered":"Ba\u015fkan Tetik 2025 S\u00f6mestr Cup Futbol \u015eenli\u011fi\u2019nde sporcularla bulu\u015ftu"},"content":{"rendered":"<p>Nazilli Belediyesi Gen\u00e7lik Hizmetleri Spor M\u00fcd\u00fcrl\u00fc\u011f\u00fc taraf\u0131ndan d\u00fczenlenen 2025 S\u00f6mestr Cup Futbol \u015eenli\u011fi co\u015fkulu bir t\u00f6renle ba\u015flad\u0131.<br \/>\n<br \/>U-10, U-11 ve U-12 kategorilerinde \u00dclkea Nazillispor, Alt\u0131nordu, Be\u015fikta\u015f, Galatasaray ve Fenerbah\u00e7e tak\u0131mlar\u0131ndan 240 sporcunun kat\u0131ld\u0131\u011f\u0131 \u015fenlik, 3 g\u00fcn boyunca futbol heyecan\u0131na sahne olacak. \u015eenli\u011fin a\u00e7\u0131l\u0131\u015f\u0131n\u0131 ger\u00e7ekle\u015ftiren Nazilli Belediye Ba\u015fkan\u0131 Dr. Ertu\u011frul Tetik t\u00f6rende yapt\u0131\u011f\u0131 konu\u015fmada spora verilen deste\u011fin \u00f6nemini hat\u0131rlatarak; &#8220;Nazilli, gen\u00e7 yeteneklerin ye\u015ferdi\u011fi bir \u015fehir olmaya devam edecek. Bu organizasyonla gen\u00e7lerimizin hem sportif hem de sosyal geli\u015fimlerine katk\u0131 sa\u011flamay\u0131 ama\u00e7l\u0131yoruz&#8221; dedi. T\u00f6ren s\u0131ras\u0131nda, \u015fenli\u011fin an\u0131s\u0131na \u00f6zel tasarlanan formalar sporculara hediye edildi. Etkinlik alan\u0131nda yo\u011fun ilgiyle kar\u015f\u0131lanan Tetik, sporun birle\u015ftirici g\u00fcc\u00fcn\u00fc vurgulayarak bu t\u00fcr organizasyonlar\u0131n b\u00fcy\u00fcyerek devam edece\u011finiifadeetti.<br \/><\/p>\n","protected":false},"excerpt":{"rendered":"<p>Nazilli Belediyesi Gen\u00e7lik Hizmetleri Spor M\u00fcd\u00fcrl\u00fc\u011f\u00fc taraf\u0131ndan d\u00fczenlenen 2025 S\u00f6mestr Cup Futbol \u015eenli\u011fi co\u015fkulu bir t\u00f6renle ba\u015flad\u0131. U-10, U-11 ve U-12 kategorilerinde \u00dclkea Nazillispor, Alt\u0131nordu, Be\u015fikta\u015f, Galatasaray ve Fenerbah\u00e7e tak\u0131mlar\u0131ndan 240 sporcunun kat\u0131ld\u0131\u011f\u0131 \u015fenlik, 3 g\u00fcn boyunca futbol heyecan\u0131na sahne olacak. \u015eenli\u011fin a\u00e7\u0131l\u0131\u015f\u0131n\u0131 ger\u00e7ekle\u015ftiren Nazilli Belediye Ba\u015fkan\u0131 Dr. Ertu\u011frul Tetik t\u00f6rende yapt\u0131\u011f\u0131 konu\u015fmada spora verilen&#8230;<\/p>\n","protected":false},"author":1,"featured_media":10837,"comment_status":"open","ping_status":"open","sticky":false,"template":"","format":"standard","meta":{"_crdt_document":"","footnotes":""},"categories":[4],"tags":[],"class_list":["post-10836","post","type-post","status-publish","format-standard","has-post-thumbnail","hentry","category-spor"],"_links":{"self":[{"href":"https:\/\/www.egemtv.com\/index.php?rest_route=\/wp\/v2\/posts\/10836","targetHints":{"allow":["GET"]}}],"collection":[{"href":"https:\/\/www.egemtv.com\/index.php?rest_route=\/wp\/v2\/posts"}],"about":[{"href":"https:\/\/www.egemtv.com\/index.php?rest_route=\/wp\/v2\/types\/post"}],"author":[{"embeddable":true,"href":"https:\/\/www.egemtv.com\/index.php?rest_route=\/wp\/v2\/users\/1"}],"replies":[{"embeddable":true,"href":"https:\/\/www.egemtv.com\/index.php?rest_route=%2Fwp%2Fv2%2Fcomments&post=10836"}],"version-history":[{"count":1,"href":"https:\/\/www.egemtv.com\/index.php?rest_route=\/wp\/v2\/posts\/10836\/revisions"}],"predecessor-version":[{"id":10838,"href":"https:\/\/www.egemtv.com\/index.php?rest_route=\/wp\/v2\/posts\/10836\/revisions\/10838"}],"wp:featuredmedia":[{"embeddable":true,"href":"https:\/\/www.egemtv.com\/index.php?rest_route=\/wp\/v2\/media\/10837"}],"wp:attachment":[{"href":"https:\/\/www.egemtv.com\/index.php?rest_route=%2Fwp%2Fv2%2Fmedia&parent=10836"}],"wp:term":[{"taxonomy":"category","embeddable":true,"href":"https:\/\/www.egemtv.com\/index.php?rest_route=%2Fwp%2Fv2%2Fcategories&post=10836"},{"taxonomy":"post_tag","embeddable":true,"href":"https:\/\/www.egemtv.com\/index.php?rest_route=%2Fwp%2Fv2%2Ftags&post=10836"}],"curies":[{"name":"wp","href":"https:\/\/api.w.org\/{rel}","templated":true}]}}