{"id":10833,"date":"2025-01-20T16:38:07","date_gmt":"2025-01-20T13:38:07","guid":{"rendered":"https:\/\/www.egemtv.com\/?p=10833"},"modified":"2025-01-20T16:38:10","modified_gmt":"2025-01-20T13:38:10","slug":"chpli-belediyenin-okullardaki-kitapli-propagandasina-valilik-dur-dedi","status":"publish","type":"post","link":"https:\/\/www.egemtv.com\/?p=10833","title":{"rendered":"CHP\u2019li belediyenin okullardaki kitapl\u0131 propagandas\u0131na valilik \u2019dur\u2019 dedi"},"content":{"rendered":"<p>Afyonkarahisar\u2019\u0131n CHP\u2019li Belediye Ba\u015fkan\u0131 Burcu K\u00f6ksal\u2019\u0131n yar\u0131y\u0131l tatili \u00f6ncesi \u00f6\u011frencilere da\u011f\u0131tmak istedi\u011fi kitaplar\u0131n \u0130l Milli E\u011fitim M\u00fcd\u00fcrl\u00fc\u011f\u00fc taraf\u0131ndan engellendi\u011fi iddialar\u0131n\u0131n, valili\u011fin yapt\u0131\u011f\u0131 sosyal medya payla\u015f\u0131m\u0131 sonras\u0131 as\u0131ls\u0131z oldu\u011fu ortaya \u00e7\u0131kt\u0131.<br \/>\n<br \/>Ba\u015fkan K\u00f6ksal yar\u0131y\u0131l tatili \u00f6ncesi \u00f6\u011frencilere kitap da\u011f\u0131tmak i\u00e7in \u0130l Milli E\u011fitim M\u00fcd\u00fcrl\u00fc\u011f\u00fcne ba\u015fvuruda bulundu. \u0130l Milli E\u011fitim M\u00fcd\u00fcrl\u00fc\u011f\u00fc \u00fccretsiz olarak da\u011f\u0131t\u0131lmas\u0131 planlanan kitaplar i\u00e7in MEB Sosyal Etkinlik \u0130zinleri Y\u00f6nergesi genel esaslar b\u00f6l\u00fcm\u00fcn\u00fcn ilgili maddesinde \u201cSosyal etkinliklerde; kurum, kurulu\u015f, firma, marka ve ki\u015fi reklam\u0131n\u0131 veya tan\u0131t\u0131m\u0131n\u0131 \u00f6n plana \u00e7\u0131karan ifade ve \u00f6gelere yer verilmez\u201d h\u00fckm\u00fcne at\u0131fta bulunarak izin verdi.<br \/>\n<br \/>\u0130zni alan belediye yetkilileri da\u011f\u0131tmay\u0131 planlad\u0131klar\u0131 kitaplara K\u00f6ksal\u2019\u0131n resmi ile birlikte mesaj\u0131n\u0131 i\u00e7eren bask\u0131y\u0131 ekledi. Bunun \u00fczerine harekete ge\u00e7en \u0130l Milli E\u011fitim M\u00fcd\u00fcrl\u00fc\u011f\u00fc MEB Sosyal Etkinlik \u0130zinleri Y\u00f6nergesi genel esaslar b\u00f6l\u00fcm\u00fcn\u00fcn ilgili maddesinden hareketle kitaplar\u0131n da\u011f\u0131t\u0131lmas\u0131n\u0131 iptal etti.<br \/>\n<br \/>Karar sonras\u0131 CHP\u2019ye yak\u0131n baz\u0131 sosyal medya hesaplar\u0131nda ve internet sitelerinde kitaplar\u0131n da\u011f\u0131t\u0131m\u0131na engel olundu\u011fu alg\u0131s\u0131 olu\u015fturulmaya \u00e7al\u0131\u015f\u0131ld\u0131.<br \/>\n<br \/>Afyonkarahisar Valili\u011fi ise sosyal medya hesaplar\u0131ndan yapt\u0131\u011f\u0131 payla\u015f\u0131mlar ile duruma a\u00e7\u0131kl\u0131k getirdi. A\u00e7\u0131klamada, \u201c21 Ocak 2020 tarih ve 1563891 say\u0131l\u0131 MEB Sosyal Etkinlik \u0130zinleri Y\u00f6nergesinin 5. maddesinin 10. f\u0131kras\u0131nda \u2019Sosyal etkinliklerde; kurum, kurulu\u015f, firma, marka ve ki\u015fi reklam\u0131n\u0131 veya tan\u0131t\u0131m\u0131n\u0131 \u00f6n plana \u00e7\u0131karan ifade ve \u00f6\u011felere yer verilmez\u2019 ifadesi yer almaktad\u0131r. Bu y\u00f6nergeden hareketle Milli E\u011fitim M\u00fcd\u00fcrl\u00fc\u011f\u00fcne ba\u011fl\u0131 t\u00fcm okullarda yap\u0131lacak her t\u00fcrl\u00fc sosyal etkinliklerde da\u011f\u0131t\u0131lacak t\u00fcm materyaller herhangi bir marka ya da ki\u015fi reklam\u0131n\u0131 i\u00e7ermemelidir. Da\u011f\u0131t\u0131lacak her t\u00fcrl\u00fc materyal MEB\u2019in ilgili h\u00fckm\u00fcne uygun olmal\u0131d\u0131r&#8221; ifadelerine yer verildi.<br \/><\/p>\n","protected":false},"excerpt":{"rendered":"<p>Afyonkarahisar\u2019\u0131n CHP\u2019li Belediye Ba\u015fkan\u0131 Burcu K\u00f6ksal\u2019\u0131n yar\u0131y\u0131l tatili \u00f6ncesi \u00f6\u011frencilere da\u011f\u0131tmak istedi\u011fi kitaplar\u0131n \u0130l Milli E\u011fitim M\u00fcd\u00fcrl\u00fc\u011f\u00fc taraf\u0131ndan engellendi\u011fi iddialar\u0131n\u0131n, valili\u011fin yapt\u0131\u011f\u0131 sosyal medya payla\u015f\u0131m\u0131 sonras\u0131 as\u0131ls\u0131z oldu\u011fu ortaya \u00e7\u0131kt\u0131. Ba\u015fkan K\u00f6ksal yar\u0131y\u0131l tatili \u00f6ncesi \u00f6\u011frencilere kitap da\u011f\u0131tmak i\u00e7in \u0130l Milli E\u011fitim M\u00fcd\u00fcrl\u00fc\u011f\u00fcne ba\u015fvuruda bulundu. \u0130l Milli E\u011fitim M\u00fcd\u00fcrl\u00fc\u011f\u00fc \u00fccretsiz olarak da\u011f\u0131t\u0131lmas\u0131 planlanan kitaplar i\u00e7in&#8230;<\/p>\n","protected":false},"author":1,"featured_media":10834,"comment_status":"open","ping_status":"open","sticky":false,"template":"","format":"standard","meta":{"_crdt_document":"","footnotes":""},"categories":[1],"tags":[],"class_list":["post-10833","post","type-post","status-publish","format-standard","has-post-thumbnail","hentry","category-guncel"],"_links":{"self":[{"href":"https:\/\/www.egemtv.com\/index.php?rest_route=\/wp\/v2\/posts\/10833","targetHints":{"allow":["GET"]}}],"collection":[{"href":"https:\/\/www.egemtv.com\/index.php?rest_route=\/wp\/v2\/posts"}],"about":[{"href":"https:\/\/www.egemtv.com\/index.php?rest_route=\/wp\/v2\/types\/post"}],"author":[{"embeddable":true,"href":"https:\/\/www.egemtv.com\/index.php?rest_route=\/wp\/v2\/users\/1"}],"replies":[{"embeddable":true,"href":"https:\/\/www.egemtv.com\/index.php?rest_route=%2Fwp%2Fv2%2Fcomments&post=10833"}],"version-history":[{"count":1,"href":"https:\/\/www.egemtv.com\/index.php?rest_route=\/wp\/v2\/posts\/10833\/revisions"}],"predecessor-version":[{"id":10835,"href":"https:\/\/www.egemtv.com\/index.php?rest_route=\/wp\/v2\/posts\/10833\/revisions\/10835"}],"wp:featuredmedia":[{"embeddable":true,"href":"https:\/\/www.egemtv.com\/index.php?rest_route=\/wp\/v2\/media\/10834"}],"wp:attachment":[{"href":"https:\/\/www.egemtv.com\/index.php?rest_route=%2Fwp%2Fv2%2Fmedia&parent=10833"}],"wp:term":[{"taxonomy":"category","embeddable":true,"href":"https:\/\/www.egemtv.com\/index.php?rest_route=%2Fwp%2Fv2%2Fcategories&post=10833"},{"taxonomy":"post_tag","embeddable":true,"href":"https:\/\/www.egemtv.com\/index.php?rest_route=%2Fwp%2Fv2%2Ftags&post=10833"}],"curies":[{"name":"wp","href":"https:\/\/api.w.org\/{rel}","templated":true}]}}