{"id":10830,"date":"2025-01-20T16:38:05","date_gmt":"2025-01-20T13:38:05","guid":{"rendered":"https:\/\/www.egemtv.com\/?p=10830"},"modified":"2025-01-20T16:38:07","modified_gmt":"2025-01-20T13:38:07","slug":"yenipazara-267-milyon-tl-degerinde-yatirim","status":"publish","type":"post","link":"https:\/\/www.egemtv.com\/?p=10830","title":{"rendered":"Yenipazar\u2019a 267 milyon TL de\u011ferinde yat\u0131r\u0131m"},"content":{"rendered":"<p>Ayd\u0131n B\u00fcy\u00fck\u015fehir Belediyesi, Yenipazar il\u00e7esine bug\u00fcne kadar g\u00fcncel de\u011ferler ile 267 milyon T\u00fcrk Liras\u0131 de\u011ferinde yat\u0131r\u0131m ger\u00e7ekle\u015ftirdi.<\/p>\n<p>Ayd\u0131n B\u00fcy\u00fck\u015fehir Belediyesi Su ve Kanalizasyon \u0130daresi (ASK\u0130) Genel M\u00fcd\u00fcr\u00fc Hakan Olka\u00e7, Genel Sekreter Yard\u0131mc\u0131s\u0131 Zafer U\u00e7ar ve Fen \u0130\u015fleri Dairesi Ba\u015fkan\u0131 Ufuk Serdar \u00d6zmen, Yenipazar Belediye Ba\u015fkan\u0131 Malik Ercan\u2019\u0131 ziyaret ederek Ayd\u0131n B\u00fcy\u00fck\u015fehir Belediye Ba\u015fkan\u0131 \u00d6zlem \u00c7er\u00e7io\u011flu taraf\u0131ndan Yenipazar il\u00e7esine ger\u00e7ekle\u015ftirilen yat\u0131r\u0131m ve \u00e7al\u0131\u015fmalar\u0131 de\u011ferlendirdi. Yenipazar\u2019a g\u00fcncel de\u011ferler ile 267 milyon T\u00fcrk Liras\u0131 de\u011ferinde yat\u0131r\u0131m ger\u00e7ekle\u015ftiren B\u00fcy\u00fck\u015fehir Belediyesi ve ASK\u0130\u2019nin \u00e7al\u0131\u015fmalar\u0131 ile kazanan Yenipazarl\u0131lar oldu. Yenipazar\u2019\u0131n k\u0131rsal mahallelerinden kent merkezine kadar 98 kilometre uzunlu\u011funda altyap\u0131 \u00e7al\u0131\u015fmas\u0131n\u0131 ve 115 kilometre uzunlu\u011funda yol \u00e7al\u0131\u015fmas\u0131n\u0131 tamamlayan B\u00fcy\u00fck\u015fehir Belediyesi ve ASK\u0130, bir\u00e7ok projeyi de il\u00e7eye kazand\u0131rd\u0131. \u0130l\u00e7ede k\u00fclt\u00fcr ve sanat etkinliklerinin adresi olan Yenipazar Atat\u00fcrk K\u00fclt\u00fcr Merkezi ile Ata Tohumlar\u0131na sahip \u00e7\u0131k\u0131lan Yerel Tar\u0131m \u00dcr\u00fcnleri Seras\u0131 da g\u00f6r\u00fc\u015fmenin ana ba\u015fl\u0131klar\u0131ndan oldu.<\/p>\n<p>B\u00fcrokratlar, ziyaretin ard\u0131ndan il\u00e7ede g\u00f6rev yapan B\u00fcy\u00fck\u015fehir Belediyesi ve ASK\u0130\u2019ye ba\u011fl\u0131 birimleri ziyaret etti. Yenipazarl\u0131lardan gelen g\u00f6r\u00fc\u015f, talep ve \u00f6nerilerin ele al\u0131nd\u0131\u011f\u0131 ziyaretler ile ge\u00e7mi\u015fte oldu\u011fu gibi \u00f6n\u00fcm\u00fczdeki g\u00fcnlerde de il\u00e7ede s\u00fcrd\u00fcr\u00fclecek olan vatanda\u015f odakl\u0131 belediyecilik \u00e7al\u0131\u015fmalar\u0131 \u015fekillendirildi.<\/p>\n<p>\u201c\u00c7al\u0131\u015fmalar\u0131m\u0131z\u0131 ve hizmetlerimizi vatanda\u015flar\u0131m\u0131za kazand\u0131rmay\u0131 s\u00fcrd\u00fcrece\u011fiz\u201d<br \/>\n<br \/>Ba\u015fkan \u00c7er\u00e7io\u011flu, kent genelinde ger\u00e7ekle\u015ftirilen yat\u0131r\u0131m ve \u00e7al\u0131\u015fmalar\u0131n devam edece\u011fini belirterek, \u201c\u00c7al\u0131\u015fmalar\u0131m\u0131z\u0131, yat\u0131r\u0131mlar\u0131m\u0131z\u0131 ve projelerimizi vatanda\u015flar\u0131m\u0131za kazand\u0131rmaya, Ayd\u0131n\u0131m\u0131za de\u011fer katmaya devam ediyoruz. Hizmetlerimiz ile kazanan hem\u015fehrilerimiz oluyor. Yenipazar\u2019da ve kentimiz genelinde \u00e7al\u0131\u015fmalar\u0131m\u0131z devam edecek\u201d ifadelerini kulland\u0131.<\/p>\n<p>Yenipazar Belediye Ba\u015fkan\u0131 Malik Ercan, Yenipazar\u2019da ger\u00e7ekle\u015ftirilen yat\u0131r\u0131m ve \u00e7al\u0131\u015fmalardan dolay\u0131 Ayd\u0131n B\u00fcy\u00fck\u015fehir Belediye Ba\u015fkan\u0131 \u00d6zlem \u00c7er\u00e7io\u011flu\u2019na te\u015fekk\u00fcr etti.<br \/><\/p>\n","protected":false},"excerpt":{"rendered":"<p>Ayd\u0131n B\u00fcy\u00fck\u015fehir Belediyesi, Yenipazar il\u00e7esine bug\u00fcne kadar g\u00fcncel de\u011ferler ile 267 milyon T\u00fcrk Liras\u0131 de\u011ferinde yat\u0131r\u0131m ger\u00e7ekle\u015ftirdi. Ayd\u0131n B\u00fcy\u00fck\u015fehir Belediyesi Su ve Kanalizasyon \u0130daresi (ASK\u0130) Genel M\u00fcd\u00fcr\u00fc Hakan Olka\u00e7, Genel Sekreter Yard\u0131mc\u0131s\u0131 Zafer U\u00e7ar ve Fen \u0130\u015fleri Dairesi Ba\u015fkan\u0131 Ufuk Serdar \u00d6zmen, Yenipazar Belediye Ba\u015fkan\u0131 Malik Ercan\u2019\u0131 ziyaret ederek Ayd\u0131n B\u00fcy\u00fck\u015fehir Belediye Ba\u015fkan\u0131 \u00d6zlem \u00c7er\u00e7io\u011flu&#8230;<\/p>\n","protected":false},"author":1,"featured_media":10831,"comment_status":"open","ping_status":"open","sticky":false,"template":"","format":"standard","meta":{"_crdt_document":"","footnotes":""},"categories":[1],"tags":[],"class_list":["post-10830","post","type-post","status-publish","format-standard","has-post-thumbnail","hentry","category-guncel"],"_links":{"self":[{"href":"https:\/\/www.egemtv.com\/index.php?rest_route=\/wp\/v2\/posts\/10830","targetHints":{"allow":["GET"]}}],"collection":[{"href":"https:\/\/www.egemtv.com\/index.php?rest_route=\/wp\/v2\/posts"}],"about":[{"href":"https:\/\/www.egemtv.com\/index.php?rest_route=\/wp\/v2\/types\/post"}],"author":[{"embeddable":true,"href":"https:\/\/www.egemtv.com\/index.php?rest_route=\/wp\/v2\/users\/1"}],"replies":[{"embeddable":true,"href":"https:\/\/www.egemtv.com\/index.php?rest_route=%2Fwp%2Fv2%2Fcomments&post=10830"}],"version-history":[{"count":1,"href":"https:\/\/www.egemtv.com\/index.php?rest_route=\/wp\/v2\/posts\/10830\/revisions"}],"predecessor-version":[{"id":10832,"href":"https:\/\/www.egemtv.com\/index.php?rest_route=\/wp\/v2\/posts\/10830\/revisions\/10832"}],"wp:featuredmedia":[{"embeddable":true,"href":"https:\/\/www.egemtv.com\/index.php?rest_route=\/wp\/v2\/media\/10831"}],"wp:attachment":[{"href":"https:\/\/www.egemtv.com\/index.php?rest_route=%2Fwp%2Fv2%2Fmedia&parent=10830"}],"wp:term":[{"taxonomy":"category","embeddable":true,"href":"https:\/\/www.egemtv.com\/index.php?rest_route=%2Fwp%2Fv2%2Fcategories&post=10830"},{"taxonomy":"post_tag","embeddable":true,"href":"https:\/\/www.egemtv.com\/index.php?rest_route=%2Fwp%2Fv2%2Ftags&post=10830"}],"curies":[{"name":"wp","href":"https:\/\/api.w.org\/{rel}","templated":true}]}}