{"id":10827,"date":"2025-01-20T16:38:03","date_gmt":"2025-01-20T13:38:03","guid":{"rendered":"https:\/\/www.egemtv.com\/?p=10827"},"modified":"2025-01-20T16:38:05","modified_gmt":"2025-01-20T13:38:05","slug":"aydinli-elifnaz-6-kez-turkiye-sampiyonu-oldu","status":"publish","type":"post","link":"https:\/\/www.egemtv.com\/?p=10827","title":{"rendered":"Ayd\u0131nl\u0131 Elifnaz, 6. kez T\u00fcrkiye \u015eampiyonu oldu"},"content":{"rendered":"<p>Ayd\u0131n Gen\u00e7lik ve Spor \u0130l M\u00fcd\u00fcrl\u00fc\u011f\u00fc sporcular\u0131ndan Elifnaz K\u00f6seo\u011flu, T\u00fcrkiye Gen\u00e7ler Taekwondo \u015eampiyonas\u0131\u2019nda t\u00fcm rakiplerini yenerek 6. kez T\u00fcrkiye \u015eampiyonu oldu.<br \/>\n<br \/>Ayd\u0131n Gen\u00e7lik ve Spor \u0130l M\u00fcd\u00fcrl\u00fc\u011f\u00fc sporcular\u0131ndan Elifnaz K\u00f6seo\u011flu, Ankara\u2019n\u0131n ev sahipli\u011finde d\u00fczenlenen T\u00fcrkiye Gen\u00e7ler Taekwondo \u015eampiyonas\u0131\u2019nda Ayd\u0131n\u2019\u0131 6. kez gururland\u0131rd\u0131. K\u0131yas\u0131ya m\u00fccadelelere sahne olan \u015fampiyonada Ayd\u0131nl\u0131 gen\u00e7 sporcu, +68 kg kategorisinde m\u00fccadele etti. K\u00f6seo\u011flu, 99 sporcu aras\u0131ndan 7 ma\u00e7\u0131n\u0131 da kazanmay\u0131 ba\u015fararak T\u00fcrkiye \u015eampiyonu unvan\u0131n\u0131 kazand\u0131. Bu \u015fampiyonluk, Elifnaz K\u00f6seo\u011flu\u2019nun kariyerindeki 6. T\u00fcrkiye \u015eampiyonlu\u011fu olarak kay\u0131tlara ge\u00e7ti.<br \/>\n<br \/>\u201cHedefim 2025 Gen\u00e7ler Avrupa \u015eampiyonlu\u011fu\u201d<br \/>\n<br \/>\u015eampiyonluk sonras\u0131 duygular\u0131n\u0131 dile getiren K\u00f6seo\u011flu; \u201cBu ba\u015far\u0131da eme\u011fi ge\u00e7en antren\u00f6rlerime, aileme ve Ayd\u0131n Gen\u00e7lik ve Spor \u0130l M\u00fcd\u00fcrl\u00fc\u011f\u00fcne te\u015fekk\u00fcr ediyorum. Hedefim sadece T\u00fcrkiye de\u011fil, uluslararas\u0131 arenada da b\u00fcy\u00fck ba\u015far\u0131lara imza atmak ve \u00fclkemi gururla temsil etmek&#8221; dedi.<br \/>\n<br \/>Ayd\u0131n Gen\u00e7lik ve Spor \u0130l M\u00fcd\u00fcrl\u00fc\u011f\u00fc\u2019nden yap\u0131lan a\u00e7\u0131klamada ise &#8220;Elifnaz K\u00f6seo\u011flu, azmi ve ba\u015far\u0131lar\u0131yla hepimizi gururland\u0131rd\u0131. Bu \u015fampiyonluk, gen\u00e7lerimize ilham veren bir ba\u015far\u0131d\u0131r. Kendisini tebrik ediyor, nice zaferler diliyoruz&#8221; ifadeleri yer ald\u0131.<br \/><\/p>\n","protected":false},"excerpt":{"rendered":"<p>Ayd\u0131n Gen\u00e7lik ve Spor \u0130l M\u00fcd\u00fcrl\u00fc\u011f\u00fc sporcular\u0131ndan Elifnaz K\u00f6seo\u011flu, T\u00fcrkiye Gen\u00e7ler Taekwondo \u015eampiyonas\u0131\u2019nda t\u00fcm rakiplerini yenerek 6. kez T\u00fcrkiye \u015eampiyonu oldu. Ayd\u0131n Gen\u00e7lik ve Spor \u0130l M\u00fcd\u00fcrl\u00fc\u011f\u00fc sporcular\u0131ndan Elifnaz K\u00f6seo\u011flu, Ankara\u2019n\u0131n ev sahipli\u011finde d\u00fczenlenen T\u00fcrkiye Gen\u00e7ler Taekwondo \u015eampiyonas\u0131\u2019nda Ayd\u0131n\u2019\u0131 6. kez gururland\u0131rd\u0131. K\u0131yas\u0131ya m\u00fccadelelere sahne olan \u015fampiyonada Ayd\u0131nl\u0131 gen\u00e7 sporcu, +68 kg kategorisinde m\u00fccadele etti&#8230;.<\/p>\n","protected":false},"author":1,"featured_media":10828,"comment_status":"open","ping_status":"open","sticky":false,"template":"","format":"standard","meta":{"_crdt_document":"","footnotes":""},"categories":[4],"tags":[],"class_list":["post-10827","post","type-post","status-publish","format-standard","has-post-thumbnail","hentry","category-spor"],"_links":{"self":[{"href":"https:\/\/www.egemtv.com\/index.php?rest_route=\/wp\/v2\/posts\/10827","targetHints":{"allow":["GET"]}}],"collection":[{"href":"https:\/\/www.egemtv.com\/index.php?rest_route=\/wp\/v2\/posts"}],"about":[{"href":"https:\/\/www.egemtv.com\/index.php?rest_route=\/wp\/v2\/types\/post"}],"author":[{"embeddable":true,"href":"https:\/\/www.egemtv.com\/index.php?rest_route=\/wp\/v2\/users\/1"}],"replies":[{"embeddable":true,"href":"https:\/\/www.egemtv.com\/index.php?rest_route=%2Fwp%2Fv2%2Fcomments&post=10827"}],"version-history":[{"count":1,"href":"https:\/\/www.egemtv.com\/index.php?rest_route=\/wp\/v2\/posts\/10827\/revisions"}],"predecessor-version":[{"id":10829,"href":"https:\/\/www.egemtv.com\/index.php?rest_route=\/wp\/v2\/posts\/10827\/revisions\/10829"}],"wp:featuredmedia":[{"embeddable":true,"href":"https:\/\/www.egemtv.com\/index.php?rest_route=\/wp\/v2\/media\/10828"}],"wp:attachment":[{"href":"https:\/\/www.egemtv.com\/index.php?rest_route=%2Fwp%2Fv2%2Fmedia&parent=10827"}],"wp:term":[{"taxonomy":"category","embeddable":true,"href":"https:\/\/www.egemtv.com\/index.php?rest_route=%2Fwp%2Fv2%2Fcategories&post=10827"},{"taxonomy":"post_tag","embeddable":true,"href":"https:\/\/www.egemtv.com\/index.php?rest_route=%2Fwp%2Fv2%2Ftags&post=10827"}],"curies":[{"name":"wp","href":"https:\/\/api.w.org\/{rel}","templated":true}]}}