{"id":10824,"date":"2025-01-20T16:38:01","date_gmt":"2025-01-20T13:38:01","guid":{"rendered":"https:\/\/www.egemtv.com\/?p=10824"},"modified":"2025-01-20T16:38:03","modified_gmt":"2025-01-20T13:38:03","slug":"efeler-belediyesinde-egitimler-devam-ediyor","status":"publish","type":"post","link":"https:\/\/www.egemtv.com\/?p=10824","title":{"rendered":"Efeler Belediyesi\u2019nde e\u011fitimler devam ediyor"},"content":{"rendered":"<p>Efeler Belediyesi, vatanda\u015flara daha kaliteli hizmet sunabilmek amac\u0131yla personelini \u00e7e\u015fitli alanlardaki uzmanlarla bulu\u015fturmay\u0131 s\u00fcrd\u00fcr\u00fcyor. Bu etkinliker sayesinde belediye \u00e7al\u0131\u015fanlar\u0131, bilgi ve becerilerini geli\u015ftirmeye devam ederken, Avukat Onur \u00d6zdiker, Efeler Belediyesi \u00e7al\u0131\u015fanlar\u0131na ki\u015fisel verilerin korunmas\u0131 konusunda bilgilerini aktard\u0131.<\/p>\n<p>Ki\u015fisel verilerin korunmas\u0131, g\u00fcn\u00fcm\u00fczde giderek daha b\u00fcy\u00fck bir \u00f6nem kazanan ve yanl\u0131\u015f kullan\u0131ld\u0131\u011f\u0131nda ciddi sonu\u00e7lar do\u011furabilen bir konu haline geldi. Nevzat Bi\u00e7er Nikah ve Konferans Salonu\u2019nda ger\u00e7ekle\u015fen etkinlikte, Avukat Onur \u00d6zdiker, kat\u0131l\u0131mc\u0131lara yakla\u015f\u0131k \u00fc\u00e7 saat s\u00fcren kapsaml\u0131 bir sunum ger\u00e7ekle\u015ftirdi. \u00d6zdiker, dinleyicilere ki\u015fisel verilerin \u00f6nemini ve yasal y\u00fck\u00fcml\u00fcl\u00fcklerini detayl\u0131 bir \u015fekilde a\u00e7\u0131klad\u0131. Ayr\u0131ca, ki\u015fisel verilerin izinsiz kullan\u0131lmas\u0131n\u0131n \u00f6nlenmesi i\u00e7in al\u0131nabilecek tedbirler hakk\u0131nda bilgi verdi. Etkinlik sonunda, Efeler Belediye Ba\u015fkan Yard\u0131mc\u0131s\u0131 Hakan Apayd\u0131n, Avukat Onur \u00d6zdiker\u2019e katk\u0131lar\u0131ndan dolay\u0131 te\u015fekk\u00fcr ederek bir plaket takdim etti. Bu t\u00fcr e\u011fitimlerin belediye personelinin bilin\u00e7lenmesine ve hizmet kalitesinin y\u00fckselmesine b\u00fcy\u00fck katk\u0131 sa\u011flad\u0131\u011f\u0131 vurguland\u0131.<br \/><\/p>\n","protected":false},"excerpt":{"rendered":"<p>Efeler Belediyesi, vatanda\u015flara daha kaliteli hizmet sunabilmek amac\u0131yla personelini \u00e7e\u015fitli alanlardaki uzmanlarla bulu\u015fturmay\u0131 s\u00fcrd\u00fcr\u00fcyor. Bu etkinliker sayesinde belediye \u00e7al\u0131\u015fanlar\u0131, bilgi ve becerilerini geli\u015ftirmeye devam ederken, Avukat Onur \u00d6zdiker, Efeler Belediyesi \u00e7al\u0131\u015fanlar\u0131na ki\u015fisel verilerin korunmas\u0131 konusunda bilgilerini aktard\u0131. Ki\u015fisel verilerin korunmas\u0131, g\u00fcn\u00fcm\u00fczde giderek daha b\u00fcy\u00fck bir \u00f6nem kazanan ve yanl\u0131\u015f kullan\u0131ld\u0131\u011f\u0131nda ciddi sonu\u00e7lar do\u011furabilen bir konu&#8230;<\/p>\n","protected":false},"author":1,"featured_media":10825,"comment_status":"open","ping_status":"open","sticky":false,"template":"","format":"standard","meta":{"_crdt_document":"","footnotes":""},"categories":[1],"tags":[],"class_list":["post-10824","post","type-post","status-publish","format-standard","has-post-thumbnail","hentry","category-guncel"],"_links":{"self":[{"href":"https:\/\/www.egemtv.com\/index.php?rest_route=\/wp\/v2\/posts\/10824","targetHints":{"allow":["GET"]}}],"collection":[{"href":"https:\/\/www.egemtv.com\/index.php?rest_route=\/wp\/v2\/posts"}],"about":[{"href":"https:\/\/www.egemtv.com\/index.php?rest_route=\/wp\/v2\/types\/post"}],"author":[{"embeddable":true,"href":"https:\/\/www.egemtv.com\/index.php?rest_route=\/wp\/v2\/users\/1"}],"replies":[{"embeddable":true,"href":"https:\/\/www.egemtv.com\/index.php?rest_route=%2Fwp%2Fv2%2Fcomments&post=10824"}],"version-history":[{"count":1,"href":"https:\/\/www.egemtv.com\/index.php?rest_route=\/wp\/v2\/posts\/10824\/revisions"}],"predecessor-version":[{"id":10826,"href":"https:\/\/www.egemtv.com\/index.php?rest_route=\/wp\/v2\/posts\/10824\/revisions\/10826"}],"wp:featuredmedia":[{"embeddable":true,"href":"https:\/\/www.egemtv.com\/index.php?rest_route=\/wp\/v2\/media\/10825"}],"wp:attachment":[{"href":"https:\/\/www.egemtv.com\/index.php?rest_route=%2Fwp%2Fv2%2Fmedia&parent=10824"}],"wp:term":[{"taxonomy":"category","embeddable":true,"href":"https:\/\/www.egemtv.com\/index.php?rest_route=%2Fwp%2Fv2%2Fcategories&post=10824"},{"taxonomy":"post_tag","embeddable":true,"href":"https:\/\/www.egemtv.com\/index.php?rest_route=%2Fwp%2Fv2%2Ftags&post=10824"}],"curies":[{"name":"wp","href":"https:\/\/api.w.org\/{rel}","templated":true}]}}