{"id":10821,"date":"2025-01-20T14:59:18","date_gmt":"2025-01-20T11:59:18","guid":{"rendered":"https:\/\/www.egemtv.com\/?p=10821"},"modified":"2025-01-20T14:59:20","modified_gmt":"2025-01-20T11:59:20","slug":"milletvekili-ozdag-gazeteciyi-azarladi-siz-gazeteci-misiniz","status":"publish","type":"post","link":"https:\/\/www.egemtv.com\/?p=10821","title":{"rendered":"Milletvekili \u00d6zda\u011f gazeteciyi azarlad\u0131: &#8220;Siz gazeteci misiniz&#8221;"},"content":{"rendered":"<p>Yeni Yol Partisi Milletvekili Sel\u00e7uk \u00d6zda\u011f, uzun s\u00fcre sonra geldi\u011fi Ortaca\u2019da Belediye Ba\u015fkan\u0131 Evren Tezcan\u2019\u0131 ziyaret etti. \u00d6zda\u011f bir gazetecinin, se\u00e7ildikten sonra kendisini Mu\u011fla\u2019da g\u00f6remedikleri ve vatanda\u015flar\u0131n kendisini tan\u0131mad\u0131\u011f\u0131 y\u00f6n\u00fcndeki sorusuna ise, &#8220;Siz gazeteci misiniz? Ben de sizi g\u00f6rmemi\u015fim. Gazete okusayd\u0131n\u0131z yaz tatilinde burada oldu\u011fumu g\u00f6r\u00fcrd\u00fcn\u00fcz&#8221; diye yan\u0131t verdi.<br \/>\n<br \/>CHP listesinden Mu\u011fla Milletvekili se\u00e7ilen Yeni Yol Partisi Milletvekili Sel\u00e7uk \u00d6zda\u011f, milletvekili se\u00e7ildikten sonra ilk kez geldi\u011fi Ortaca\u2019da Belediye Ba\u015fkan\u0131 Evren Tezcan\u2019\u0131 ziyaret etti. 31 Mart yerel se\u00e7imlerinde Belediye Ba\u015fkan\u0131 se\u00e7ilen Evren Tezcan\u2019\u0131 makam\u0131nda ziyaret eden ve \u2019hay\u0131rl\u0131 olsun\u2019 diyen Sel\u00e7uk \u00d6zda\u011f, Mu\u011fla\u2019n\u0131n zenginlikleri ve sorunlar\u0131 hakk\u0131nda bilgi verdi. \u00d6zda\u011f bir gazetecinin, se\u00e7ildikten sonra kendisini Mu\u011fla\u2019da g\u00f6remedikleri ve vatanda\u015flar\u0131n kendisini tan\u0131mad\u0131\u011f\u0131 y\u00f6n\u00fcndeki sorusuna ise, &#8220;Siz gazeteci misiniz? Ben de sizi g\u00f6rmemi\u015fim. Gazete okusayd\u0131n\u0131z yaz tatilinde burada oldu\u011fumu g\u00f6r\u00fcrd\u00fcn\u00fcz&#8221; diye yan\u0131t verdi.<br \/>\n<br \/>Sel\u00e7uk \u00d6zda\u011f, &#8220;Ben yaz boyunca 3 ay buradayd\u0131m, siz beni g\u00f6rememi\u015fsiniz ama ben de sizi g\u00f6rememi\u015fim. Buran\u0131n 1 milyon 80 bin n\u00fcfusu var, burada herkesin beni g\u00f6rmesi m\u00fcmk\u00fcn de\u011fil. Siz gazetecisiyseniz, gazeteleri okumu\u015f olsayd\u0131n\u0131z Sel\u00e7uk \u00d6zda\u011f\u2019\u0131n yaz tatilinde burada oldu\u011funu g\u00f6r\u00fcrd\u00fcn\u00fcz, burada evim var. 1 Temmuz\u2019dan 31 Ekim\u2019e kadar burada t\u00fcm il\u00e7elere k\u00f6ylere te\u015fekk\u00fcrlere gittim, festivallere d\u00fc\u011f\u00fcnlere gittim. Bizi kim ararsa Mu\u011fla\u2019dan ona ula\u015f\u0131rlar. Mu\u011fla\u2019ya geliyoruz, \u015fu ana kadar belki 100 evi ziyaret etmi\u015fizdir. Mu\u011fla ile ilgili en \u00e7ok \u00e7al\u0131\u015fan vekillerden bir tanesiyim. Daha d\u00fcn Mu\u011fla\u2019n\u0131n konut problemini parlamentoda dile getirdim&#8221; dedi.<br \/><\/p>\n","protected":false},"excerpt":{"rendered":"<p>Yeni Yol Partisi Milletvekili Sel\u00e7uk \u00d6zda\u011f, uzun s\u00fcre sonra geldi\u011fi Ortaca\u2019da Belediye Ba\u015fkan\u0131 Evren Tezcan\u2019\u0131 ziyaret etti. \u00d6zda\u011f bir gazetecinin, se\u00e7ildikten sonra kendisini Mu\u011fla\u2019da g\u00f6remedikleri ve vatanda\u015flar\u0131n kendisini tan\u0131mad\u0131\u011f\u0131 y\u00f6n\u00fcndeki sorusuna ise, &#8220;Siz gazeteci misiniz? Ben de sizi g\u00f6rmemi\u015fim. Gazete okusayd\u0131n\u0131z yaz tatilinde burada oldu\u011fumu g\u00f6r\u00fcrd\u00fcn\u00fcz&#8221; diye yan\u0131t verdi. CHP listesinden Mu\u011fla Milletvekili se\u00e7ilen Yeni&#8230;<\/p>\n","protected":false},"author":1,"featured_media":10822,"comment_status":"open","ping_status":"open","sticky":false,"template":"","format":"standard","meta":{"_crdt_document":"","footnotes":""},"categories":[127],"tags":[],"class_list":["post-10821","post","type-post","status-publish","format-standard","has-post-thumbnail","hentry","category-siyaset"],"_links":{"self":[{"href":"https:\/\/www.egemtv.com\/index.php?rest_route=\/wp\/v2\/posts\/10821","targetHints":{"allow":["GET"]}}],"collection":[{"href":"https:\/\/www.egemtv.com\/index.php?rest_route=\/wp\/v2\/posts"}],"about":[{"href":"https:\/\/www.egemtv.com\/index.php?rest_route=\/wp\/v2\/types\/post"}],"author":[{"embeddable":true,"href":"https:\/\/www.egemtv.com\/index.php?rest_route=\/wp\/v2\/users\/1"}],"replies":[{"embeddable":true,"href":"https:\/\/www.egemtv.com\/index.php?rest_route=%2Fwp%2Fv2%2Fcomments&post=10821"}],"version-history":[{"count":1,"href":"https:\/\/www.egemtv.com\/index.php?rest_route=\/wp\/v2\/posts\/10821\/revisions"}],"predecessor-version":[{"id":10823,"href":"https:\/\/www.egemtv.com\/index.php?rest_route=\/wp\/v2\/posts\/10821\/revisions\/10823"}],"wp:featuredmedia":[{"embeddable":true,"href":"https:\/\/www.egemtv.com\/index.php?rest_route=\/wp\/v2\/media\/10822"}],"wp:attachment":[{"href":"https:\/\/www.egemtv.com\/index.php?rest_route=%2Fwp%2Fv2%2Fmedia&parent=10821"}],"wp:term":[{"taxonomy":"category","embeddable":true,"href":"https:\/\/www.egemtv.com\/index.php?rest_route=%2Fwp%2Fv2%2Fcategories&post=10821"},{"taxonomy":"post_tag","embeddable":true,"href":"https:\/\/www.egemtv.com\/index.php?rest_route=%2Fwp%2Fv2%2Ftags&post=10821"}],"curies":[{"name":"wp","href":"https:\/\/api.w.org\/{rel}","templated":true}]}}