{"id":10818,"date":"2025-01-20T14:37:53","date_gmt":"2025-01-20T11:37:53","guid":{"rendered":"https:\/\/www.egemtv.com\/?p=10818"},"modified":"2025-01-20T14:37:55","modified_gmt":"2025-01-20T11:37:55","slug":"cameli-belediyespordan-farkli-galibiyet","status":"publish","type":"post","link":"https:\/\/www.egemtv.com\/?p=10818","title":{"rendered":"\u00c7ameli Belediyespor\u2019dan farkl\u0131 galibiyet"},"content":{"rendered":"<p>Denizli 1. Amat\u00f6r Play-Out Ligi kapsam\u0131nda oynanan kar\u015f\u0131la\u015fmada, \u00c7ameli Belediyespor, rakibi Pamukkale Fatihspor\u2019u kendi sahas\u0131nda ma\u011flup etti.<\/p>\n<p>Ye\u015filk\u00f6y Servergazi Sahas\u0131\u2019nda oynanan m\u00fccadelede, \u00c7ameli Belediyespor \u00fcst\u00fcn bir performans sergileyerek ma\u00e7\u0131 5-1\u2019lik skorla tamamlad\u0131. Tak\u0131m\u0131n etkili h\u00fccum organizasyonlar\u0131 ve sa\u011flam savunma hatt\u0131, galibiyetin anahtar\u0131 oldu.<br \/>\n<br \/>Kul\u00fcp Ba\u015fkan Yard\u0131mc\u0131s\u0131 Mehmet K\u00fcr\u015fat Sarg\u0131n, ma\u00e7 sonras\u0131 yapt\u0131\u011f\u0131 a\u00e7\u0131klamada, tak\u0131m\u0131n bu ma\u00e7a b\u00fcy\u00fck bir \u00f6zveri ve motivasyonla haz\u0131rland\u0131\u011f\u0131n\u0131 belirtti. Sarg\u0131n, &#8220;Oyuncular\u0131m\u0131z\u0131n azmi ve tak\u0131m ruhu bu galibiyeti getirdi. Teknik ekibimiz ve futbolcular\u0131m\u0131z hafta boyunca b\u00fcy\u00fck bir disiplinle \u00e7al\u0131\u015farak bu ba\u015far\u0131y\u0131 hak etti. Taraftarlar\u0131m\u0131z\u0131n deste\u011fiyle daha g\u00fczel sonu\u00e7lar alaca\u011f\u0131m\u0131za inan\u0131yoruz,&#8221; ifadelerini kulland\u0131.<br \/>\n<br \/>Ma\u00e7\u0131n ard\u0131ndan taraftarlar ve oyuncular galibiyeti co\u015fkuyla kutlad\u0131. Bu sonu\u00e7la birlikte \u00c7ameli Belediyespor, ligdeki iddias\u0131n\u0131 s\u00fcrd\u00fcrd\u00fc ve \u00fcst s\u0131ralara t\u0131rmanma yolunda \u00f6nemli bir ad\u0131m att\u0131.<br \/>\n<br \/>\u00c7ameli halk\u0131, tak\u0131m\u0131n performans\u0131ndan duydu\u011fu memnuniyeti dile getirirken, \u00f6n\u00fcm\u00fczdeki ma\u00e7larda da benzer ba\u015far\u0131lar beklediklerini ifade etti.<br \/><\/p>\n","protected":false},"excerpt":{"rendered":"<p>Denizli 1. Amat\u00f6r Play-Out Ligi kapsam\u0131nda oynanan kar\u015f\u0131la\u015fmada, \u00c7ameli Belediyespor, rakibi Pamukkale Fatihspor\u2019u kendi sahas\u0131nda ma\u011flup etti. Ye\u015filk\u00f6y Servergazi Sahas\u0131\u2019nda oynanan m\u00fccadelede, \u00c7ameli Belediyespor \u00fcst\u00fcn bir performans sergileyerek ma\u00e7\u0131 5-1\u2019lik skorla tamamlad\u0131. Tak\u0131m\u0131n etkili h\u00fccum organizasyonlar\u0131 ve sa\u011flam savunma hatt\u0131, galibiyetin anahtar\u0131 oldu. Kul\u00fcp Ba\u015fkan Yard\u0131mc\u0131s\u0131 Mehmet K\u00fcr\u015fat Sarg\u0131n, ma\u00e7 sonras\u0131 yapt\u0131\u011f\u0131 a\u00e7\u0131klamada, tak\u0131m\u0131n bu&#8230;<\/p>\n","protected":false},"author":1,"featured_media":10819,"comment_status":"open","ping_status":"open","sticky":false,"template":"","format":"standard","meta":{"_crdt_document":"","footnotes":""},"categories":[4],"tags":[],"class_list":["post-10818","post","type-post","status-publish","format-standard","has-post-thumbnail","hentry","category-spor"],"_links":{"self":[{"href":"https:\/\/www.egemtv.com\/index.php?rest_route=\/wp\/v2\/posts\/10818","targetHints":{"allow":["GET"]}}],"collection":[{"href":"https:\/\/www.egemtv.com\/index.php?rest_route=\/wp\/v2\/posts"}],"about":[{"href":"https:\/\/www.egemtv.com\/index.php?rest_route=\/wp\/v2\/types\/post"}],"author":[{"embeddable":true,"href":"https:\/\/www.egemtv.com\/index.php?rest_route=\/wp\/v2\/users\/1"}],"replies":[{"embeddable":true,"href":"https:\/\/www.egemtv.com\/index.php?rest_route=%2Fwp%2Fv2%2Fcomments&post=10818"}],"version-history":[{"count":1,"href":"https:\/\/www.egemtv.com\/index.php?rest_route=\/wp\/v2\/posts\/10818\/revisions"}],"predecessor-version":[{"id":10820,"href":"https:\/\/www.egemtv.com\/index.php?rest_route=\/wp\/v2\/posts\/10818\/revisions\/10820"}],"wp:featuredmedia":[{"embeddable":true,"href":"https:\/\/www.egemtv.com\/index.php?rest_route=\/wp\/v2\/media\/10819"}],"wp:attachment":[{"href":"https:\/\/www.egemtv.com\/index.php?rest_route=%2Fwp%2Fv2%2Fmedia&parent=10818"}],"wp:term":[{"taxonomy":"category","embeddable":true,"href":"https:\/\/www.egemtv.com\/index.php?rest_route=%2Fwp%2Fv2%2Fcategories&post=10818"},{"taxonomy":"post_tag","embeddable":true,"href":"https:\/\/www.egemtv.com\/index.php?rest_route=%2Fwp%2Fv2%2Ftags&post=10818"}],"curies":[{"name":"wp","href":"https:\/\/api.w.org\/{rel}","templated":true}]}}