{"id":10812,"date":"2025-01-20T14:23:31","date_gmt":"2025-01-20T11:23:31","guid":{"rendered":"https:\/\/www.egemtv.com\/?p=10812"},"modified":"2025-01-20T14:23:33","modified_gmt":"2025-01-20T11:23:33","slug":"baskan-cercioglundan-kis-aylarinda-ic-isitan-uygulama","status":"publish","type":"post","link":"https:\/\/www.egemtv.com\/?p=10812","title":{"rendered":"Ba\u015fkan \u00c7er\u00e7io\u011flu\u2019ndan k\u0131\u015f aylar\u0131nda i\u00e7 \u0131s\u0131tan uygulama"},"content":{"rendered":"<p>Ayd\u0131n B\u00fcy\u00fck\u015fehir Belediyesi, sosyal belediyecilik uygulamalar\u0131na h\u0131z kesmeden devam ederken, pazarc\u0131 esnaf\u0131 ve vatanda\u015flara s\u0131cak \u00e7orba ikram\u0131nda bulunuyor.<\/p>\n<p>K\u0131\u015f mevsimiyle birlikte so\u011fuk hava \u015fartlar\u0131 artarken B\u00fcy\u00fck\u015fehir Belediyesi, her y\u0131l oldu\u011fu gibi bu y\u0131l da \u00e7orba ikram\u0131yla vatanda\u015f\u0131n ve pazarc\u0131 esnaf\u0131n\u0131n y\u00fcz\u00fcn\u00fc g\u00fcld\u00fcrmeye devam ediyor. Sabah\u0131n erken saatlerinde B\u00fcy\u00fck\u015fehir Belediyesi taraf\u0131ndan pazarc\u0131 esnaf\u0131na ve vatanda\u015flara ikram edilen \u00e7orba i\u00e7leri \u0131s\u0131t\u0131yor.<\/p>\n<p>\u00c7orba ikram\u0131 bug\u00fcn de 6 il\u00e7e ve 11 farkl\u0131 noktada ger\u00e7ekle\u015ftirildi. Efeler, Karacasu, Ko\u00e7arl\u0131, Kuyucak, S\u00f6ke ve Sultanhisar il\u00e7elerinde kurulan pazar alanlar\u0131nda ger\u00e7ekle\u015ftirilen ikram binlerce vatanda\u015fa da\u011f\u0131t\u0131ld\u0131. Uygulamadan memnun kald\u0131klar\u0131n\u0131 dile getiren pazarc\u0131 esnaflar\u0131, \u00e7orba ikram\u0131n\u0131n ekonomik olarak b\u00fct\u00e7elerine katk\u0131 sa\u011flad\u0131\u011f\u0131n\u0131 belirtti. Pazarc\u0131 esnaf\u0131 ve vatanda\u015flar, s\u0131cak \u00e7orba ikram\u0131 i\u00e7in Ayd\u0131n B\u00fcy\u00fck\u015fehir Belediye Ba\u015fkan\u0131 \u00d6zlem \u00c7er\u00e7io\u011flu\u2019na te\u015fekk\u00fcr etti.<br \/><\/p>\n","protected":false},"excerpt":{"rendered":"<p>Ayd\u0131n B\u00fcy\u00fck\u015fehir Belediyesi, sosyal belediyecilik uygulamalar\u0131na h\u0131z kesmeden devam ederken, pazarc\u0131 esnaf\u0131 ve vatanda\u015flara s\u0131cak \u00e7orba ikram\u0131nda bulunuyor. K\u0131\u015f mevsimiyle birlikte so\u011fuk hava \u015fartlar\u0131 artarken B\u00fcy\u00fck\u015fehir Belediyesi, her y\u0131l oldu\u011fu gibi bu y\u0131l da \u00e7orba ikram\u0131yla vatanda\u015f\u0131n ve pazarc\u0131 esnaf\u0131n\u0131n y\u00fcz\u00fcn\u00fc g\u00fcld\u00fcrmeye devam ediyor. Sabah\u0131n erken saatlerinde B\u00fcy\u00fck\u015fehir Belediyesi taraf\u0131ndan pazarc\u0131 esnaf\u0131na ve vatanda\u015flara ikram&#8230;<\/p>\n","protected":false},"author":1,"featured_media":10813,"comment_status":"open","ping_status":"open","sticky":false,"template":"","format":"standard","meta":{"_crdt_document":"","footnotes":""},"categories":[1],"tags":[],"class_list":["post-10812","post","type-post","status-publish","format-standard","has-post-thumbnail","hentry","category-guncel"],"_links":{"self":[{"href":"https:\/\/www.egemtv.com\/index.php?rest_route=\/wp\/v2\/posts\/10812","targetHints":{"allow":["GET"]}}],"collection":[{"href":"https:\/\/www.egemtv.com\/index.php?rest_route=\/wp\/v2\/posts"}],"about":[{"href":"https:\/\/www.egemtv.com\/index.php?rest_route=\/wp\/v2\/types\/post"}],"author":[{"embeddable":true,"href":"https:\/\/www.egemtv.com\/index.php?rest_route=\/wp\/v2\/users\/1"}],"replies":[{"embeddable":true,"href":"https:\/\/www.egemtv.com\/index.php?rest_route=%2Fwp%2Fv2%2Fcomments&post=10812"}],"version-history":[{"count":1,"href":"https:\/\/www.egemtv.com\/index.php?rest_route=\/wp\/v2\/posts\/10812\/revisions"}],"predecessor-version":[{"id":10814,"href":"https:\/\/www.egemtv.com\/index.php?rest_route=\/wp\/v2\/posts\/10812\/revisions\/10814"}],"wp:featuredmedia":[{"embeddable":true,"href":"https:\/\/www.egemtv.com\/index.php?rest_route=\/wp\/v2\/media\/10813"}],"wp:attachment":[{"href":"https:\/\/www.egemtv.com\/index.php?rest_route=%2Fwp%2Fv2%2Fmedia&parent=10812"}],"wp:term":[{"taxonomy":"category","embeddable":true,"href":"https:\/\/www.egemtv.com\/index.php?rest_route=%2Fwp%2Fv2%2Fcategories&post=10812"},{"taxonomy":"post_tag","embeddable":true,"href":"https:\/\/www.egemtv.com\/index.php?rest_route=%2Fwp%2Fv2%2Ftags&post=10812"}],"curies":[{"name":"wp","href":"https:\/\/api.w.org\/{rel}","templated":true}]}}