{"id":10809,"date":"2025-01-20T14:23:29","date_gmt":"2025-01-20T11:23:29","guid":{"rendered":"https:\/\/www.egemtv.com\/?p=10809"},"modified":"2025-01-20T14:23:31","modified_gmt":"2025-01-20T11:23:31","slug":"nazillideki-cop-evden-3-kamyon-dolusu-cop-cikti","status":"publish","type":"post","link":"https:\/\/www.egemtv.com\/?p=10809","title":{"rendered":"Nazilli\u2019deki \u00e7\u00f6p evden 3 kamyon dolusu \u00e7\u00f6p \u00e7\u0131kt\u0131"},"content":{"rendered":"<p>Nazilli Belediyesi Temizlik \u0130\u015fleri M\u00fcd\u00fcrl\u00fc\u011f\u00fc ekipleri P\u0131narba\u015f\u0131 Mahallesi 683 Sokak\u2019taki bir \u00e7\u00f6p eve m\u00fcdahale ederek, evden 3 kamyon dolusu \u00e7\u00f6p \u00e7\u0131kartt\u0131. Temizlik \u00e7al\u0131\u015fmalar\u0131n\u0131n ard\u0131ndan evde ila\u00e7lama i\u015flemi ger\u00e7ekle\u015ftirildi.<\/p>\n<p>Mahalle sakinlerinin \u015fikayetleri \u00fczerine harekete ge\u00e7en ekipler, k\u00f6t\u00fc koku ve sa\u011fl\u0131k riski ta\u015f\u0131yan \u00e7\u00f6p evi saatler s\u00fcren \u00e7al\u0131\u015fmayla temizledi. Sabah erken saatlerde \u00e7al\u0131\u015fmalara ba\u015flayan ekipler a\u015fere ve mikrop yay\u0131l\u0131m\u0131n\u0131 \u00f6nlemek amac\u0131yla temizlik faaliyetlerinin ard\u0131ndan evi ila\u00e7lad\u0131. Nazilli Belediyesi olarak halk sa\u011fl\u0131\u011f\u0131n\u0131 korumak ve ya\u015fam kalitesini tehdit eden durumlara an\u0131nda m\u00fcdahale etmek i\u00e7in titizlikle \u00e7al\u0131\u015ft\u0131klar\u0131n\u0131 kaydeden Belediye Ba\u015fkan\u0131 Dr. Ertu\u011frul Tetik; &#8220;Temizlik \u00e7al\u0131\u015fmalar\u0131n\u0131n ard\u0131ndan kapsaml\u0131 bir ila\u00e7lama ger\u00e7ekle\u015ftirerek mahalle sakinlerimizin endi\u015felerini giderdik. Bu s\u00fcre\u00e7te duyarl\u0131l\u0131k g\u00f6steren t\u00fcm halk\u0131m\u0131za te\u015fekk\u00fcr ediyorum&#8221; ifadelerini kulland\u0131.<br \/><\/p>\n","protected":false},"excerpt":{"rendered":"<p>Nazilli Belediyesi Temizlik \u0130\u015fleri M\u00fcd\u00fcrl\u00fc\u011f\u00fc ekipleri P\u0131narba\u015f\u0131 Mahallesi 683 Sokak\u2019taki bir \u00e7\u00f6p eve m\u00fcdahale ederek, evden 3 kamyon dolusu \u00e7\u00f6p \u00e7\u0131kartt\u0131. Temizlik \u00e7al\u0131\u015fmalar\u0131n\u0131n ard\u0131ndan evde ila\u00e7lama i\u015flemi ger\u00e7ekle\u015ftirildi. Mahalle sakinlerinin \u015fikayetleri \u00fczerine harekete ge\u00e7en ekipler, k\u00f6t\u00fc koku ve sa\u011fl\u0131k riski ta\u015f\u0131yan \u00e7\u00f6p evi saatler s\u00fcren \u00e7al\u0131\u015fmayla temizledi. Sabah erken saatlerde \u00e7al\u0131\u015fmalara ba\u015flayan ekipler a\u015fere ve&#8230;<\/p>\n","protected":false},"author":1,"featured_media":10810,"comment_status":"open","ping_status":"open","sticky":false,"template":"","format":"standard","meta":{"_crdt_document":"","footnotes":""},"categories":[1],"tags":[],"class_list":["post-10809","post","type-post","status-publish","format-standard","has-post-thumbnail","hentry","category-guncel"],"_links":{"self":[{"href":"https:\/\/www.egemtv.com\/index.php?rest_route=\/wp\/v2\/posts\/10809","targetHints":{"allow":["GET"]}}],"collection":[{"href":"https:\/\/www.egemtv.com\/index.php?rest_route=\/wp\/v2\/posts"}],"about":[{"href":"https:\/\/www.egemtv.com\/index.php?rest_route=\/wp\/v2\/types\/post"}],"author":[{"embeddable":true,"href":"https:\/\/www.egemtv.com\/index.php?rest_route=\/wp\/v2\/users\/1"}],"replies":[{"embeddable":true,"href":"https:\/\/www.egemtv.com\/index.php?rest_route=%2Fwp%2Fv2%2Fcomments&post=10809"}],"version-history":[{"count":1,"href":"https:\/\/www.egemtv.com\/index.php?rest_route=\/wp\/v2\/posts\/10809\/revisions"}],"predecessor-version":[{"id":10811,"href":"https:\/\/www.egemtv.com\/index.php?rest_route=\/wp\/v2\/posts\/10809\/revisions\/10811"}],"wp:featuredmedia":[{"embeddable":true,"href":"https:\/\/www.egemtv.com\/index.php?rest_route=\/wp\/v2\/media\/10810"}],"wp:attachment":[{"href":"https:\/\/www.egemtv.com\/index.php?rest_route=%2Fwp%2Fv2%2Fmedia&parent=10809"}],"wp:term":[{"taxonomy":"category","embeddable":true,"href":"https:\/\/www.egemtv.com\/index.php?rest_route=%2Fwp%2Fv2%2Fcategories&post=10809"},{"taxonomy":"post_tag","embeddable":true,"href":"https:\/\/www.egemtv.com\/index.php?rest_route=%2Fwp%2Fv2%2Ftags&post=10809"}],"curies":[{"name":"wp","href":"https:\/\/api.w.org\/{rel}","templated":true}]}}