{"id":10802,"date":"2025-01-20T14:15:37","date_gmt":"2025-01-20T11:15:37","guid":{"rendered":"https:\/\/www.egemtv.com\/?p=10802"},"modified":"2025-01-20T14:15:37","modified_gmt":"2025-01-20T11:15:37","slug":"aydin-adnan-menderes-universitesi-hastanesine-konteyner-depo","status":"publish","type":"post","link":"https:\/\/www.egemtv.com\/?p=10802","title":{"rendered":"Ayd\u0131n Adnan Menderes \u00dcniversitesi Hastanesi&#8217;ne konteyner depo"},"content":{"rendered":"\n<p class=\"wp-block-paragraph\">Ayd\u0131n Adnan Menderes \u00dcniversitesi Hastanesi&#8217;nden ihtiya\u00e7 duyulan depo sorununun \u00e7\u00f6z\u00fcm\u00fc ad\u0131na, Hastane \u0130daresi taraf\u0131ndan konteyner depo in\u015faat\u0131na ba\u015fland\u0131\u011f\u0131 bildirildi.<\/p>\n\n\n\n<p class=\"wp-block-paragraph\">Ayd\u0131n Adnan Menderes \u00dcniversitesi Hastanesi&#8217;nden yap\u0131lan a\u00e7\u0131klamada \u015fu ifadelere yer verildi.<\/p>\n\n\n\n<p class=\"wp-block-paragraph\">&#8220;Hastanemizin \u00d6nemli Sorunlar\u0131ndan Biri Daha \u00c7\u00f6z\u00fcme Kavu\u015fuyor.<\/p>\n\n\n\n<figure class=\"wp-block-image size-large\"><img data-dominant-color=\"565b59\" data-has-transparency=\"false\" style=\"--dominant-color: #565b59;\" fetchpriority=\"high\" decoding=\"async\" width=\"600\" height=\"314\" src=\"https:\/\/www.egemtv.com\/wp-content\/uploads\/2025\/01\/474591398_1266025365038825_3468091359054141560_n-600x314.jpg\" alt=\"\" class=\"wp-image-10804 not-transparent\" srcset=\"https:\/\/www.egemtv.com\/wp-content\/uploads\/2025\/01\/474591398_1266025365038825_3468091359054141560_n-600x314.jpg 600w, https:\/\/www.egemtv.com\/wp-content\/uploads\/2025\/01\/474591398_1266025365038825_3468091359054141560_n-300x157.jpg 300w, https:\/\/www.egemtv.com\/wp-content\/uploads\/2025\/01\/474591398_1266025365038825_3468091359054141560_n-768x402.jpg 768w, https:\/\/www.egemtv.com\/wp-content\/uploads\/2025\/01\/474591398_1266025365038825_3468091359054141560_n.jpg 1440w\" sizes=\"(max-width: 600px) 100vw, 600px\" \/><\/figure>\n\n\n\n<p class=\"wp-block-paragraph\">Hastanemizde Eczane ve Ayniyat Birimleri i\u00e7in uzun s\u00fcredir ihtiya\u00e7 duyulan depo sorununun \u00e7\u00f6z\u00fcm\u00fc ad\u0131na, Hastane \u0130daremiz taraf\u0131ndan konteyner depo in\u015faat\u0131na ba\u015fland\u0131. Yakla\u015f\u0131k 50 g\u00fcn i\u00e7inde tamamlanmas\u0131 planlanan, \u0131s\u0131 yal\u0131t\u0131ml\u0131 ve so\u011futma sistemine sahip 1300 metrekarelik bu yeni bina, hastanemizin uzun y\u0131llard\u0131r devam eden \u00f6nemli bir problemini \u00e7\u00f6zecek.<\/p>\n\n\n\n<figure class=\"wp-block-image size-large\"><img data-dominant-color=\"877d6e\" data-has-transparency=\"false\" style=\"--dominant-color: #877d6e;\" decoding=\"async\" width=\"600\" height=\"314\" src=\"https:\/\/www.egemtv.com\/wp-content\/uploads\/2025\/01\/474322665_1266025358372159_2052198033014704320_n-600x314.jpg\" alt=\"\" class=\"wp-image-10805 not-transparent\" srcset=\"https:\/\/www.egemtv.com\/wp-content\/uploads\/2025\/01\/474322665_1266025358372159_2052198033014704320_n-600x314.jpg 600w, https:\/\/www.egemtv.com\/wp-content\/uploads\/2025\/01\/474322665_1266025358372159_2052198033014704320_n-300x157.jpg 300w, https:\/\/www.egemtv.com\/wp-content\/uploads\/2025\/01\/474322665_1266025358372159_2052198033014704320_n-768x402.jpg 768w, https:\/\/www.egemtv.com\/wp-content\/uploads\/2025\/01\/474322665_1266025358372159_2052198033014704320_n.jpg 1440w\" sizes=\"(max-width: 600px) 100vw, 600px\" \/><\/figure>\n\n\n\n<p class=\"wp-block-paragraph\">Bilindi\u011fi \u00fczere, Hastanemiz son 10 y\u0131l i\u00e7erisinde s\u00fcrekli b\u00fcy\u00fcme <a><\/a>kaydetmi\u015ftir. 2014 y\u0131l\u0131nda 450 yatak kapasitesine sahip olan hastanemiz, bug\u00fcn1000 yatak kapasitesine ula\u015fm\u0131\u015ft\u0131r. Benzer \u015fekilde, Ameliyathane ve Yo\u011fun Bak\u0131m \u00dcnitelerindeki b\u00fcy\u00fcme de bu art\u0131\u015f\u0131 desteklemi\u015ftir. Bu b\u00fcy\u00fcme, kullan\u0131lan sarf ve medikal malzeme miktar\u0131n\u0131 katlanarak art\u0131rm\u0131\u015f ve uzun s\u00fcredir devam eden depo ihtiyac\u0131n\u0131 daha belirgin hale getirmi\u015ftir.<\/p>\n\n\n\n<figure class=\"wp-block-image size-large\"><img data-dominant-color=\"677d87\" data-has-transparency=\"false\" style=\"--dominant-color: #677d87;\" decoding=\"async\" width=\"600\" height=\"314\" src=\"https:\/\/www.egemtv.com\/wp-content\/uploads\/2025\/01\/473075466_1266025371705491_3156767654222912486_n-600x314.jpg\" alt=\"\" class=\"wp-image-10806 not-transparent\" srcset=\"https:\/\/www.egemtv.com\/wp-content\/uploads\/2025\/01\/473075466_1266025371705491_3156767654222912486_n-600x314.jpg 600w, https:\/\/www.egemtv.com\/wp-content\/uploads\/2025\/01\/473075466_1266025371705491_3156767654222912486_n-300x157.jpg 300w, https:\/\/www.egemtv.com\/wp-content\/uploads\/2025\/01\/473075466_1266025371705491_3156767654222912486_n-768x402.jpg 768w, https:\/\/www.egemtv.com\/wp-content\/uploads\/2025\/01\/473075466_1266025371705491_3156767654222912486_n.jpg 1440w\" sizes=\"(max-width: 600px) 100vw, 600px\" \/><\/figure>\n\n\n\n<p class=\"wp-block-paragraph\">Ba\u015fhekimlik taraf\u0131ndan yap\u0131lan a\u00e7\u0131klamada, yeni deponun k\u0131sa s\u00fcrede tamamlanarak hizmete a\u00e7\u0131laca\u011f\u0131 belirtilmi\u015ftir. \u00d6zellikle bodrum kat\u0131ndaki mescit \u00f6n\u00fcnde ve di\u011fer pek \u00e7ok farkl\u0131 noktada da\u011f\u0131n\u0131k \u015fekilde yer alan malzemelerin bu alana ta\u015f\u0131narak d\u00fczenli bir depo sistemi olu\u015fturulaca\u011f\u0131 ifade edilmi\u015ftir. Ayr\u0131ca, maliyet etkinli\u011fi ve h\u0131zl\u0131 in\u015fa edilebilirli\u011fi nedeniyle konteyner malzemenin tercih edildi\u011fi vurgulanm\u0131\u015ft\u0131r.<\/p>\n\n\n\n<p class=\"wp-block-paragraph\">Hastanemizin hizmet kalitesini art\u0131rmak ad\u0131na yap\u0131lan bu \u00e7al\u0131\u015fman\u0131n, uzun vadede \u00f6nemli bir kazan\u0131m sa\u011flayaca\u011f\u0131na inan\u0131yoruz.&#8221;<\/p>\n\n\n\n<figure class=\"wp-block-image size-large\"><img data-dominant-color=\"637c8b\" data-has-transparency=\"false\" style=\"--dominant-color: #637c8b;\" loading=\"lazy\" decoding=\"async\" width=\"600\" height=\"314\" src=\"https:\/\/www.egemtv.com\/wp-content\/uploads\/2025\/01\/474038093_1266025361705492_7153079950858229892_n-600x314.jpg\" alt=\"\" class=\"wp-image-10807 not-transparent\" srcset=\"https:\/\/www.egemtv.com\/wp-content\/uploads\/2025\/01\/474038093_1266025361705492_7153079950858229892_n-600x314.jpg 600w, https:\/\/www.egemtv.com\/wp-content\/uploads\/2025\/01\/474038093_1266025361705492_7153079950858229892_n-300x157.jpg 300w, https:\/\/www.egemtv.com\/wp-content\/uploads\/2025\/01\/474038093_1266025361705492_7153079950858229892_n-768x402.jpg 768w, https:\/\/www.egemtv.com\/wp-content\/uploads\/2025\/01\/474038093_1266025361705492_7153079950858229892_n.jpg 1440w\" sizes=\"(max-width: 600px) 100vw, 600px\" \/><\/figure>\n","protected":false},"excerpt":{"rendered":"<p>Ayd\u0131n Adnan Menderes \u00dcniversitesi Hastanesi&#8217;nden ihtiya\u00e7 duyulan depo sorununun \u00e7\u00f6z\u00fcm\u00fc ad\u0131na, Hastane \u0130daresi taraf\u0131ndan konteyner depo in\u015faat\u0131na ba\u015fland\u0131\u011f\u0131 bildirildi. Ayd\u0131n Adnan Menderes \u00dcniversitesi Hastanesi&#8217;nden yap\u0131lan a\u00e7\u0131klamada \u015fu ifadelere yer verildi. &#8220;Hastanemizin \u00d6nemli Sorunlar\u0131ndan Biri Daha \u00c7\u00f6z\u00fcme Kavu\u015fuyor. Hastanemizde Eczane ve Ayniyat Birimleri i\u00e7in uzun s\u00fcredir ihtiya\u00e7 duyulan depo sorununun \u00e7\u00f6z\u00fcm\u00fc ad\u0131na, Hastane \u0130daremiz taraf\u0131ndan konteyner&#8230;<\/p>\n","protected":false},"author":1,"featured_media":10803,"comment_status":"open","ping_status":"open","sticky":false,"template":"","format":"standard","meta":{"_crdt_document":"","footnotes":""},"categories":[123],"tags":[],"class_list":["post-10802","post","type-post","status-publish","format-standard","has-post-thumbnail","hentry","category-gundem"],"_links":{"self":[{"href":"https:\/\/www.egemtv.com\/index.php?rest_route=\/wp\/v2\/posts\/10802","targetHints":{"allow":["GET"]}}],"collection":[{"href":"https:\/\/www.egemtv.com\/index.php?rest_route=\/wp\/v2\/posts"}],"about":[{"href":"https:\/\/www.egemtv.com\/index.php?rest_route=\/wp\/v2\/types\/post"}],"author":[{"embeddable":true,"href":"https:\/\/www.egemtv.com\/index.php?rest_route=\/wp\/v2\/users\/1"}],"replies":[{"embeddable":true,"href":"https:\/\/www.egemtv.com\/index.php?rest_route=%2Fwp%2Fv2%2Fcomments&post=10802"}],"version-history":[{"count":1,"href":"https:\/\/www.egemtv.com\/index.php?rest_route=\/wp\/v2\/posts\/10802\/revisions"}],"predecessor-version":[{"id":10808,"href":"https:\/\/www.egemtv.com\/index.php?rest_route=\/wp\/v2\/posts\/10802\/revisions\/10808"}],"wp:featuredmedia":[{"embeddable":true,"href":"https:\/\/www.egemtv.com\/index.php?rest_route=\/wp\/v2\/media\/10803"}],"wp:attachment":[{"href":"https:\/\/www.egemtv.com\/index.php?rest_route=%2Fwp%2Fv2%2Fmedia&parent=10802"}],"wp:term":[{"taxonomy":"category","embeddable":true,"href":"https:\/\/www.egemtv.com\/index.php?rest_route=%2Fwp%2Fv2%2Fcategories&post=10802"},{"taxonomy":"post_tag","embeddable":true,"href":"https:\/\/www.egemtv.com\/index.php?rest_route=%2Fwp%2Fv2%2Ftags&post=10802"}],"curies":[{"name":"wp","href":"https:\/\/api.w.org\/{rel}","templated":true}]}}