{"id":10797,"date":"2025-01-20T14:08:50","date_gmt":"2025-01-20T11:08:50","guid":{"rendered":"https:\/\/www.egemtv.com\/?p=10797"},"modified":"2025-01-20T14:08:51","modified_gmt":"2025-01-20T11:08:51","slug":"honaz-yasli-rehabilitasyon-merkezi-ve-sosyal-tesisi-torenle-hizmete-acildi","status":"publish","type":"post","link":"https:\/\/www.egemtv.com\/?p=10797","title":{"rendered":"Honaz Ya\u015fl\u0131 Rehabilitasyon Merkezi ve Sosyal Tesisi t\u00f6renle hizmete a\u00e7\u0131ld\u0131"},"content":{"rendered":"<p>Denizli\u2019de Honaz Belediyesi taraf\u0131ndan Kocaba\u015f Mahallesi\u2019nde yap\u0131m\u0131 tamamlanan \u00dcmm\u00fcg\u00fcls\u00fcm ve Yusuf Kaya Ya\u015fl\u0131 Rehabilitasyon Merkezi ve Sosyal Tesisi t\u00f6renle hizmete a\u00e7\u0131ld\u0131.<\/p>\n<p>Denizli\u2019nin Honaz il\u00e7esinde, Kocaba\u015f Mahallesi\u2019nde yer alan \u00dcmm\u00fcg\u00fcls\u00fcm ve Yusuf Kaya Ya\u015fl\u0131 Rehabilitasyon Merkezi ve Sosyal Tesisinin a\u00e7\u0131l\u0131\u015f\u0131, geni\u015f bir kat\u0131l\u0131mla ger\u00e7ekle\u015ftirildi. A\u00e7\u0131l\u0131\u015fta, hay\u0131rsever ailelerin deste\u011fi ve Honaz Belediyesinin katk\u0131lar\u0131yla hayata ge\u00e7en tesisin, ya\u015fl\u0131lar\u0131n sa\u011fl\u0131k, huzur ve g\u00fcven i\u00e7inde ya\u015famlar\u0131n\u0131 ama\u00e7lan\u0131yor.<br \/>\n<br \/>A\u00e7\u0131l\u0131\u015f t\u00f6renine Denizli B\u00fcy\u00fck\u015fehir Belediye Ba\u015fkan\u0131 B\u00fclent Nuri \u00c7avu\u015fo\u011flu, Honaz Belediye Ba\u015fkan\u0131 Y\u00fcksel Kepenek, Bozkurt Belediye Ba\u015fkan\u0131 Birsen \u00c7elik, Beya\u011fa\u00e7 Belediye Ba\u015fkan\u0131 Sezai P\u00fct\u00fcn, CHP Denizli \u0130l Ba\u015fkan\u0131 Ali Osman Horzum ve \u00e7ok say\u0131da vatanda\u015f kat\u0131ld\u0131.<\/p>\n<p>\u00dcmm\u00fcg\u00fcls\u00fcm ve Yusuf Kaya ailesine katk\u0131lar\u0131ndan dolay\u0131 te\u015fekk\u00fcr eden, Honaz Belediye Ba\u015fkan\u0131 Y\u00fcksel Kepenek, a\u00e7\u0131l\u0131\u015fta yapt\u0131\u011f\u0131 konu\u015fmada; \u201cBu tesis de eme\u011fi gecen gece g\u00fcnd\u00fcz demeden hatta k\u0131r\u0131k parmakla Honaz i\u00e7in \u00e7al\u0131\u015fan buran\u0131n yap\u0131lmas\u0131n\u0131 sa\u011flayan arkada\u015flara te\u015fekk\u00fcr ederim. Tesisimizin elektrik tesisat\u0131ndan, su tesisat\u0131na kadar her \u015feyini kendimiz yapt\u0131k. 13 milyon TL\u2019ye yap\u0131lacak tesisi biz 5 milyon 700 bin TL\u2019ye mal ettik. Cuma g\u00fcn\u00fc a\u00e7\u0131l\u0131\u015f\u0131n\u0131 yapacak oldu\u011fumuz A\u015fa\u011f\u0131da\u011fdere Mahallemizde bir sosyal tesis daha a\u00e7\u0131l\u0131\u015f\u0131 daha yapaca\u011f\u0131z. B\u00f6ylelikle 17 mahallemizde ki sosyal tesis sorununu \u00e7\u00f6zm\u00fc\u015f olaca\u011f\u0131z. 2025 y\u0131l\u0131nda 20 tane a\u00e7\u0131l\u0131\u015f\u0131m\u0131z olacak. Bir m\u00fcjde daha vereyim Honaz Belediyemizin hi\u00e7bir kuruma hi\u00e7bir bankaya 1TL borcu yoktur. Bizle bu tesisleri Kendi kaynaklar\u0131m\u0131zla yap\u0131yoruz. Bor\u00e7suz belediye olarak yolumuza devam ediyoruz.  Kocaba\u015f Mahallemizde \u00dcmm\u00fcg\u00fcls\u00fcm ve Yusuf Kaya Ya\u015fl\u0131 Rehabilitasyon Merkezimizin a\u00e7\u0131l\u0131\u015fl\u0131day\u0131z. Ya\u015fl\u0131lar\u0131m\u0131z\u0131n ya\u015famlar\u0131n\u0131 sa\u011fl\u0131k, huzur ve g\u00fcven i\u00e7inde s\u00fcrd\u00fcrmeleri, rehabilitasyon hizmetlerinden yararlanmalar\u0131 i\u00e7in a\u00e7t\u0131\u011f\u0131m\u0131z merkezimizin a\u00e7\u0131l\u0131\u015f\u0131na kat\u0131lan t\u00fcm de\u011ferli kat\u0131l\u0131mc\u0131lara te\u015fekk\u00fcr ediyorum\u201d dedi.<\/p>\n<p>Denizli B\u00fcy\u00fck\u015fehir Belediye Ba\u015fkan\u0131 B\u00fclent Nuri \u00c7avu\u015fo\u011flu, a\u00e7\u0131l\u0131\u015fta yapt\u0131\u011f\u0131 konu\u015fmada, bu t\u00fcr projelerin topluma \u00f6nemli katk\u0131lar sundu\u011funu vurgulad\u0131. \u00c7avu\u015fo\u011flu; \u201cBu ba\u015fkanl\u0131k Yolculu\u011funun keyifli taraf\u0131 elinizi faydal\u0131 tarafa uzatmak. Elinizi halka hizmet etmek i\u00e7in uzat\u0131rsan\u0131z g\u00fczel \u015feyler ortaya \u00e7\u0131k\u0131yor. Ama elinizi sofradakine g\u00f6t\u00fcrmek i\u00e7in uzat\u0131yorsan\u0131z o zaman bunlar olmuyor. Bizler ilk g\u00fcnden bu yana harama el uzatmayaca\u011f\u0131z, yetim hakk\u0131 yemeyece\u011fiz dedik. Bu s\u00f6zlerimiz tutarak g\u00fczel i\u015flere imza atarak g\u00fczel \u015fehri, g\u00fczel il\u00e7eleri olu\u015fturabiliyoruz.  Honaz Belediye\u2019miz taraf\u0131ndan projesi tamamlanan bu Ya\u015fl\u0131 Rehabilitasyon Merkezi ve Sosyal Tesisi a\u00e7\u0131l\u0131\u015f\u0131n\u0131 yap\u0131yoruz. Sosyal Belediyecilik anlay\u0131\u015f\u0131 ile ger\u00e7ekle\u015ftirilen bu projede ba\u015fta Honaz Belediye Ba\u015fkan\u0131\u2019m\u0131z Y\u00fcksel Kepenek olmak \u00fczere eme\u011fi ge\u00e7en herkese te\u015fekk\u00fcr ederim\u201d ifadelerini kulland\u0131.<br \/><\/p>\n","protected":false},"excerpt":{"rendered":"<p>Denizli\u2019de Honaz Belediyesi taraf\u0131ndan Kocaba\u015f Mahallesi\u2019nde yap\u0131m\u0131 tamamlanan \u00dcmm\u00fcg\u00fcls\u00fcm ve Yusuf Kaya Ya\u015fl\u0131 Rehabilitasyon Merkezi ve Sosyal Tesisi t\u00f6renle hizmete a\u00e7\u0131ld\u0131. Denizli\u2019nin Honaz il\u00e7esinde, Kocaba\u015f Mahallesi\u2019nde yer alan \u00dcmm\u00fcg\u00fcls\u00fcm ve Yusuf Kaya Ya\u015fl\u0131 Rehabilitasyon Merkezi ve Sosyal Tesisinin a\u00e7\u0131l\u0131\u015f\u0131, geni\u015f bir kat\u0131l\u0131mla ger\u00e7ekle\u015ftirildi. A\u00e7\u0131l\u0131\u015fta, hay\u0131rsever ailelerin deste\u011fi ve Honaz Belediyesinin katk\u0131lar\u0131yla hayata ge\u00e7en tesisin, ya\u015fl\u0131lar\u0131n&#8230;<\/p>\n","protected":false},"author":1,"featured_media":10798,"comment_status":"open","ping_status":"open","sticky":false,"template":"","format":"standard","meta":{"_crdt_document":"","footnotes":""},"categories":[127],"tags":[],"class_list":["post-10797","post","type-post","status-publish","format-standard","has-post-thumbnail","hentry","category-siyaset"],"_links":{"self":[{"href":"https:\/\/www.egemtv.com\/index.php?rest_route=\/wp\/v2\/posts\/10797","targetHints":{"allow":["GET"]}}],"collection":[{"href":"https:\/\/www.egemtv.com\/index.php?rest_route=\/wp\/v2\/posts"}],"about":[{"href":"https:\/\/www.egemtv.com\/index.php?rest_route=\/wp\/v2\/types\/post"}],"author":[{"embeddable":true,"href":"https:\/\/www.egemtv.com\/index.php?rest_route=\/wp\/v2\/users\/1"}],"replies":[{"embeddable":true,"href":"https:\/\/www.egemtv.com\/index.php?rest_route=%2Fwp%2Fv2%2Fcomments&post=10797"}],"version-history":[{"count":1,"href":"https:\/\/www.egemtv.com\/index.php?rest_route=\/wp\/v2\/posts\/10797\/revisions"}],"predecessor-version":[{"id":10799,"href":"https:\/\/www.egemtv.com\/index.php?rest_route=\/wp\/v2\/posts\/10797\/revisions\/10799"}],"wp:featuredmedia":[{"embeddable":true,"href":"https:\/\/www.egemtv.com\/index.php?rest_route=\/wp\/v2\/media\/10798"}],"wp:attachment":[{"href":"https:\/\/www.egemtv.com\/index.php?rest_route=%2Fwp%2Fv2%2Fmedia&parent=10797"}],"wp:term":[{"taxonomy":"category","embeddable":true,"href":"https:\/\/www.egemtv.com\/index.php?rest_route=%2Fwp%2Fv2%2Fcategories&post=10797"},{"taxonomy":"post_tag","embeddable":true,"href":"https:\/\/www.egemtv.com\/index.php?rest_route=%2Fwp%2Fv2%2Ftags&post=10797"}],"curies":[{"name":"wp","href":"https:\/\/api.w.org\/{rel}","templated":true}]}}